{"id":1269,"date":"2022-05-18T07:26:58","date_gmt":"2022-05-18T07:26:58","guid":{"rendered":"https:\/\/mv-wuerflach.at\/?p=1269"},"modified":"2022-06-21T06:03:59","modified_gmt":"2022-06-21T06:03:59","slug":"konzert-fuer-den-frieden-2022","status":"publish","type":"post","link":"https:\/\/mv-wuerflach.at\/?p=1269","title":{"rendered":"Konzert f\u00fcr den Frieden 2022"},"content":{"rendered":"\n<p>Am Sonntag, den 15.05.2022 fand das Konzert f\u00fcr den Frieden, bei fr\u00fchsommerlichen Wetter, vor dem Gemeindeamt statt.<\/p>\n\n\n\n<p>Wir sagen DANKE an alle Besucher f\u00fcr die gro\u00dfz\u00fcgigen Spenden und diesem wundervollen Abend im Zeichen des Friedens &amp; des Zusammenhalts. <\/p>\n\n\n\n<p>Wir sind unfassbar stolz, dass durch die Unterst\u00fctzung unserer Gemeinde alle Einnahmen ausnahmslos an die Kriegsopfer der Ukraine gespendet werden k\u00f6nnen. Insgesamt konnte eine Spendensumme von \u20ac 3.587,20 erzielt werden.<\/p>\n\n\n\n<p>Vielen Dank an Peter Meissner,  die  <a href=\"https:\/\/www.facebook.com\/maedlsdur?__cft__[0]=AZUb61GirOB2p2Q-IzTEic_f76VNTE5athxW1N03y-8IyB8UFolYqJnGzwJp7XrAdgrF3fZboYp0E3UFHvSaC603LIxCP_e7yT73NI0I8guBpix8Z_R3gHuq0wAz2orOhSh6WsCIhD-3ZznHHJPLeCEkDpbXPLj1qPdd9I1P-lHjyBSf1xWpGNtHBEgiXWn1aw8&amp;__tn__=-]K-R\">M\u00e4dlsdur<\/a>, allen Gesangssolisten, an unsere <a href=\"https:\/\/www.facebook.com\/Freiwillige-Feuerwehr-W%C3%BCrflach-Hettmannsdorf-344378723955\/?__cft__[0]=AZUb61GirOB2p2Q-IzTEic_f76VNTE5athxW1N03y-8IyB8UFolYqJnGzwJp7XrAdgrF3fZboYp0E3UFHvSaC603LIxCP_e7yT73NI0I8guBpix8Z_R3gHuq0wAz2orOhSh6WsCIhD-3ZznHHJPLeCEkDpbXPLj1qPdd9I1P-lHjyBSf1xWpGNtHBEgiXWn1aw8&amp;__tn__=kK-R\">Freiwillige Feuerwehr W\u00fcrflach Hettmannsdorf<\/a> &amp; nat\u00fcrlich an die Gemeinde W\u00fcrflach f\u00fcr die Hilfe &amp; Mitgestaltung unseres &#8222;Konzert f\u00fcr den Frieden&#8220;.<\/p>\n\n\n\n<figure class=\"wp-block-image size-large\"><a href=\"https:\/\/mv-wuerflach.at\/wp-content\/uploads\/2022\/05\/7fa46325-b35b-4880-8ff4-07ae49e099a6.jpg\"><img loading=\"lazy\" decoding=\"async\" width=\"576\" height=\"1024\" src=\"https:\/\/mv-wuerflach.at\/wp-content\/uploads\/2022\/05\/7fa46325-b35b-4880-8ff4-07ae49e099a6-576x1024.jpg\" alt=\"\" class=\"wp-image-1270\" srcset=\"https:\/\/mv-wuerflach.at\/wp-content\/uploads\/2022\/05\/7fa46325-b35b-4880-8ff4-07ae49e099a6-576x1024.jpg 576w, https:\/\/mv-wuerflach.at\/wp-content\/uploads\/2022\/05\/7fa46325-b35b-4880-8ff4-07ae49e099a6-169x300.jpg 169w, https:\/\/mv-wuerflach.at\/wp-content\/uploads\/2022\/05\/7fa46325-b35b-4880-8ff4-07ae49e099a6-768x1365.jpg 768w, https:\/\/mv-wuerflach.at\/wp-content\/uploads\/2022\/05\/7fa46325-b35b-4880-8ff4-07ae49e099a6-864x1536.jpg 864w, https:\/\/mv-wuerflach.at\/wp-content\/uploads\/2022\/05\/7fa46325-b35b-4880-8ff4-07ae49e099a6.jpg 900w\" sizes=\"auto, (max-width: 576px) 100vw, 576px\" \/><\/a><\/figure>\n\n\n\n<p><\/p>\n\n\n\n<figure class=\"wp-block-image size-large\"><a href=\"https:\/\/mv-wuerflach.at\/wp-content\/uploads\/2022\/05\/7ae82d05-0560-4593-ab97-7ba11a2824ca-1.jpg\"><img loading=\"lazy\" decoding=\"async\" width=\"577\" height=\"1024\" src=\"https:\/\/mv-wuerflach.at\/wp-content\/uploads\/2022\/05\/7ae82d05-0560-4593-ab97-7ba11a2824ca-1-577x1024.jpg\" alt=\"\" class=\"wp-image-1272\" srcset=\"https:\/\/mv-wuerflach.at\/wp-content\/uploads\/2022\/05\/7ae82d05-0560-4593-ab97-7ba11a2824ca-1-577x1024.jpg 577w, https:\/\/mv-wuerflach.at\/wp-content\/uploads\/2022\/05\/7ae82d05-0560-4593-ab97-7ba11a2824ca-1-169x300.jpg 169w, https:\/\/mv-wuerflach.at\/wp-content\/uploads\/2022\/05\/7ae82d05-0560-4593-ab97-7ba11a2824ca-1-768x1364.jpg 768w, https:\/\/mv-wuerflach.at\/wp-content\/uploads\/2022\/05\/7ae82d05-0560-4593-ab97-7ba11a2824ca-1-865x1536.jpg 865w, https:\/\/mv-wuerflach.at\/wp-content\/uploads\/2022\/05\/7ae82d05-0560-4593-ab97-7ba11a2824ca-1.jpg 901w\" sizes=\"auto, (max-width: 577px) 100vw, 577px\" \/><\/a><\/figure>\n","protected":false},"excerpt":{"rendered":"<p>Am Sonntag, den 15.05.2022 fand das Konzert f\u00fcr den Frieden, bei fr\u00fchsommerlichen Wetter, vor dem Gemeindeamt statt. Wir sagen DANKE an alle Besucher f\u00fcr die gro\u00dfz\u00fcgigen Spenden und diesem wundervollen Abend im Zeichen des Friedens &amp; des Zusammenhalts. Wir sind unfassbar stolz, dass durch die Unterst\u00fctzung unserer Gemeinde alle Einnahmen ausnahmslos an die Kriegsopfer der &hellip; <\/p>\n<p class=\"link-more\"><a href=\"https:\/\/mv-wuerflach.at\/?p=1269\" class=\"more-link\"><span class=\"screen-reader-text\">\u201eKonzert f\u00fcr den Frieden 2022\u201c <\/span>weiterlesen<\/a><\/p>\n","protected":false},"author":2,"featured_media":0,"comment_status":"closed","ping_status":"closed","sticky":false,"template":"","format":"standard","meta":{"footnotes":""},"categories":[8,1,10],"tags":[],"class_list":["post-1269","post","type-post","status-publish","format-standard","hentry","category-aktivitaeten","category-allgemein","category-veranstaltungen"],"_links":{"self":[{"href":"https:\/\/mv-wuerflach.at\/index.php?rest_route=\/wp\/v2\/posts\/1269","targetHints":{"allow":["GET"]}}],"collection":[{"href":"https:\/\/mv-wuerflach.at\/index.php?rest_route=\/wp\/v2\/posts"}],"about":[{"href":"https:\/\/mv-wuerflach.at\/index.php?rest_route=\/wp\/v2\/types\/post"}],"author":[{"embeddable":true,"href":"https:\/\/mv-wuerflach.at\/index.php?rest_route=\/wp\/v2\/users\/2"}],"replies":[{"embeddable":true,"href":"https:\/\/mv-wuerflach.at\/index.php?rest_route=%2Fwp%2Fv2%2Fcomments&post=1269"}],"version-history":[{"count":2,"href":"https:\/\/mv-wuerflach.at\/index.php?rest_route=\/wp\/v2\/posts\/1269\/revisions"}],"predecessor-version":[{"id":1291,"href":"https:\/\/mv-wuerflach.at\/index.php?rest_route=\/wp\/v2\/posts\/1269\/revisions\/1291"}],"wp:attachment":[{"href":"https:\/\/mv-wuerflach.at\/index.php?rest_route=%2Fwp%2Fv2%2Fmedia&parent=1269"}],"wp:term":[{"taxonomy":"category","embeddable":true,"href":"https:\/\/mv-wuerflach.at\/index.php?rest_route=%2Fwp%2Fv2%2Fcategories&post=1269"},{"taxonomy":"post_tag","embeddable":true,"href":"https:\/\/mv-wuerflach.at\/index.php?rest_route=%2Fwp%2Fv2%2Ftags&post=1269"}],"curies":[{"name":"wp","href":"https:\/\/api.w.org\/{rel}","templated":true}]}}