{"id":1303,"date":"2022-09-19T06:57:53","date_gmt":"2022-09-19T06:57:53","guid":{"rendered":"https:\/\/mv-wuerflach.at\/?p=1303"},"modified":"2022-09-19T06:57:54","modified_gmt":"2022-09-19T06:57:54","slug":"2-und-3-tag-der-blasmusik-2022","status":"publish","type":"post","link":"https:\/\/mv-wuerflach.at\/?p=1303","title":{"rendered":"2. und 3. Tag der Blasmusik 2022"},"content":{"rendered":"\n<p>Am 11. und 17.09.2022 konnten wir unseren  2. und 3. Tag der Blasmusik durchf\u00fchren. Diesmal ging es durch die Ortsteile W\u00fcrflach und Wolfsohl.<\/p>\n\n\n\n<p>Trotz wechselhaftem Wetter wurden wir wie immer ausgezeichnet von den W\u00fcrflacher\/Innen am Tag der Blasmusik versorgt und in Empfang genommen. Wir bedanken uns f\u00fcr eure Unterst\u00fctzung und freuen uns bereits auf n\u00e4chstes Jahr.<\/p>\n\n\n\n<figure class=\"wp-block-image size-large\"><a href=\"https:\/\/mv-wuerflach.at\/wp-content\/uploads\/2022\/09\/302453211_498361118963856_3362110469362441049_n.jpg\"><img loading=\"lazy\" decoding=\"async\" width=\"1024\" height=\"768\" src=\"https:\/\/mv-wuerflach.at\/wp-content\/uploads\/2022\/09\/302453211_498361118963856_3362110469362441049_n-1024x768.jpg\" alt=\"\" class=\"wp-image-1304\" srcset=\"https:\/\/mv-wuerflach.at\/wp-content\/uploads\/2022\/09\/302453211_498361118963856_3362110469362441049_n-1024x768.jpg 1024w, https:\/\/mv-wuerflach.at\/wp-content\/uploads\/2022\/09\/302453211_498361118963856_3362110469362441049_n-300x225.jpg 300w, https:\/\/mv-wuerflach.at\/wp-content\/uploads\/2022\/09\/302453211_498361118963856_3362110469362441049_n-768x576.jpg 768w, https:\/\/mv-wuerflach.at\/wp-content\/uploads\/2022\/09\/302453211_498361118963856_3362110469362441049_n-1536x1152.jpg 1536w, https:\/\/mv-wuerflach.at\/wp-content\/uploads\/2022\/09\/302453211_498361118963856_3362110469362441049_n.jpg 2048w\" sizes=\"auto, (max-width: 706px) 89vw, (max-width: 767px) 82vw, 740px\" \/><\/a><\/figure>\n","protected":false},"excerpt":{"rendered":"<p>Am 11. und 17.09.2022 konnten wir unseren 2. und 3. Tag der Blasmusik durchf\u00fchren. Diesmal ging es durch die Ortsteile W\u00fcrflach und Wolfsohl. Trotz wechselhaftem Wetter wurden wir wie immer ausgezeichnet von den W\u00fcrflacher\/Innen am Tag der Blasmusik versorgt und in Empfang genommen. Wir bedanken uns f\u00fcr eure Unterst\u00fctzung und freuen uns bereits auf n\u00e4chstes &hellip; <\/p>\n<p class=\"link-more\"><a href=\"https:\/\/mv-wuerflach.at\/?p=1303\" class=\"more-link\"><span class=\"screen-reader-text\">\u201e2. und 3. Tag der Blasmusik 2022\u201c <\/span>weiterlesen<\/a><\/p>\n","protected":false},"author":2,"featured_media":0,"comment_status":"closed","ping_status":"closed","sticky":false,"template":"","format":"standard","meta":{"footnotes":""},"categories":[1],"tags":[],"class_list":["post-1303","post","type-post","status-publish","format-standard","hentry","category-allgemein"],"_links":{"self":[{"href":"https:\/\/mv-wuerflach.at\/index.php?rest_route=\/wp\/v2\/posts\/1303","targetHints":{"allow":["GET"]}}],"collection":[{"href":"https:\/\/mv-wuerflach.at\/index.php?rest_route=\/wp\/v2\/posts"}],"about":[{"href":"https:\/\/mv-wuerflach.at\/index.php?rest_route=\/wp\/v2\/types\/post"}],"author":[{"embeddable":true,"href":"https:\/\/mv-wuerflach.at\/index.php?rest_route=\/wp\/v2\/users\/2"}],"replies":[{"embeddable":true,"href":"https:\/\/mv-wuerflach.at\/index.php?rest_route=%2Fwp%2Fv2%2Fcomments&post=1303"}],"version-history":[{"count":1,"href":"https:\/\/mv-wuerflach.at\/index.php?rest_route=\/wp\/v2\/posts\/1303\/revisions"}],"predecessor-version":[{"id":1305,"href":"https:\/\/mv-wuerflach.at\/index.php?rest_route=\/wp\/v2\/posts\/1303\/revisions\/1305"}],"wp:attachment":[{"href":"https:\/\/mv-wuerflach.at\/index.php?rest_route=%2Fwp%2Fv2%2Fmedia&parent=1303"}],"wp:term":[{"taxonomy":"category","embeddable":true,"href":"https:\/\/mv-wuerflach.at\/index.php?rest_route=%2Fwp%2Fv2%2Fcategories&post=1303"},{"taxonomy":"post_tag","embeddable":true,"href":"https:\/\/mv-wuerflach.at\/index.php?rest_route=%2Fwp%2Fv2%2Ftags&post=1303"}],"curies":[{"name":"wp","href":"https:\/\/api.w.org\/{rel}","templated":true}]}}