{"id":131,"date":"2015-06-01T21:14:36","date_gmt":"2015-06-01T21:14:36","guid":{"rendered":"http:\/\/mv-wuerflach.at\/?p=131"},"modified":"2015-06-01T21:14:36","modified_gmt":"2015-06-01T21:14:36","slug":"generalversammlung-am-20-02-2015","status":"publish","type":"post","link":"https:\/\/mv-wuerflach.at\/?p=131","title":{"rendered":"Generalversammlung am 20.02.2015"},"content":{"rendered":"<p>Am Freitag, den 20.02.2015 fand im Vereinsgasthaus Seewald die j\u00e4hrliche Generalversammlung statt. Neben den Berichten des Obmannes, des Kassieres und dem Kapellmeister gab es dieses Jahr auch Neuwahlen. Nach 9j\u00e4hriger T\u00e4tigkeit an der Spitze des Vereines hat Obmann Bernhard Hainfellner sein Amt zur\u00fcckgelegt und daher galt es, einen neuen Obmann zu w\u00e4hlen. Der neue Vorstand setzt sich nun wie folgt zusammen:<\/p>\n<p>Obmann:\u00a0\u00a0\u00a0\u00a0\u00a0\u00a0\u00a0\u00a0\u00a0\u00a0\u00a0\u00a0\u00a0\u00a0\u00a0\u00a0\u00a0\u00a0\u00a0\u00a0\u00a0\u00a0\u00a0\u00a0\u00a0\u00a0\u00a0 Peter Samwald<br \/>\nObmann-Stv.:\u00a0\u00a0\u00a0\u00a0\u00a0\u00a0\u00a0\u00a0\u00a0\u00a0\u00a0\u00a0\u00a0\u00a0\u00a0\u00a0\u00a0\u00a0\u00a0 Michael Seyser<br \/>\nObmann-Stv.:\u00a0\u00a0\u00a0\u00a0\u00a0\u00a0\u00a0\u00a0\u00a0\u00a0\u00a0\u00a0\u00a0\u00a0\u00a0\u00a0\u00a0\u00a0\u00a0 Florian Goldhammer<br \/>\nKapellmeister:\u00a0\u00a0\u00a0\u00a0\u00a0\u00a0\u00a0\u00a0\u00a0\u00a0\u00a0\u00a0\u00a0\u00a0\u00a0\u00a0\u00a0 Johannes Kornfeld<br \/>\nKapellmeister-Stv.:\u00a0\u00a0\u00a0\u00a0\u00a0\u00a0\u00a0\u00a0\u00a0 Bartholom\u00e4us Eibl<br \/>\nSchriftf\u00fchrer:\u00a0\u00a0\u00a0\u00a0\u00a0\u00a0\u00a0\u00a0\u00a0\u00a0\u00a0\u00a0\u00a0\u00a0\u00a0\u00a0\u00a0\u00a0\u00a0\u00a0 Bettina Seiser<br \/>\nSchriftf\u00fchrer-Stv.:\u00a0\u00a0\u00a0\u00a0\u00a0\u00a0\u00a0\u00a0\u00a0\u00a0\u00a0\u00a0\u00a0 Silke Hainfellner<br \/>\nKassier:\u00a0\u00a0\u00a0\u00a0\u00a0\u00a0\u00a0\u00a0\u00a0\u00a0\u00a0\u00a0\u00a0\u00a0\u00a0\u00a0\u00a0\u00a0\u00a0\u00a0\u00a0\u00a0\u00a0\u00a0\u00a0\u00a0\u00a0\u00a0 Wolfgang Fritz<br \/>\nKassier-Stv.:\u00a0\u00a0\u00a0\u00a0\u00a0\u00a0\u00a0\u00a0\u00a0\u00a0\u00a0\u00a0\u00a0\u00a0\u00a0\u00a0\u00a0\u00a0\u00a0\u00a0 Michael Kostal<br \/>\nJugendreferentin:\u00a0\u00a0\u00a0\u00a0\u00a0\u00a0\u00a0\u00a0\u00a0\u00a0\u00a0 Marina Goldhammer<br \/>\nJugendreferentin-Stv.:\u00a0\u00a0\u00a0 Bianca Hainfellner<br \/>\nArchivar:\u00a0\u00a0\u00a0\u00a0\u00a0\u00a0\u00a0\u00a0\u00a0\u00a0\u00a0\u00a0\u00a0\u00a0\u00a0\u00a0\u00a0\u00a0\u00a0\u00a0\u00a0\u00a0\u00a0\u00a0\u00a0\u00a0\u00a0 Bernhard Hainfellner<br \/>\nArchivar:\u00a0\u00a0\u00a0\u00a0\u00a0\u00a0\u00a0\u00a0\u00a0\u00a0\u00a0\u00a0\u00a0\u00a0\u00a0\u00a0\u00a0\u00a0\u00a0\u00a0\u00a0\u00a0\u00a0\u00a0\u00a0\u00a0\u00a0 Dagmar Schwarz<br \/>\nArchivar:\u00a0\u00a0\u00a0\u00a0\u00a0\u00a0\u00a0\u00a0\u00a0\u00a0\u00a0\u00a0\u00a0\u00a0\u00a0\u00a0\u00a0\u00a0\u00a0\u00a0\u00a0\u00a0\u00a0\u00a0\u00a0\u00a0\u00a0 Johann Seiser<br \/>\nBeirat:\u00a0\u00a0\u00a0\u00a0\u00a0\u00a0\u00a0\u00a0\u00a0\u00a0\u00a0\u00a0\u00a0\u00a0\u00a0\u00a0\u00a0\u00a0\u00a0\u00a0\u00a0\u00a0\u00a0\u00a0\u00a0\u00a0\u00a0\u00a0\u00a0\u00a0\u00a0 Alois Kindlmayr<br \/>\nBeirat:\u00a0\u00a0\u00a0\u00a0\u00a0\u00a0\u00a0\u00a0\u00a0\u00a0\u00a0\u00a0\u00a0\u00a0\u00a0\u00a0\u00a0\u00a0\u00a0\u00a0\u00a0\u00a0\u00a0\u00a0\u00a0\u00a0\u00a0\u00a0\u00a0\u00a0\u00a0 Alexander Hetlinger<br \/>\nBeirat:\u00a0\u00a0\u00a0\u00a0\u00a0\u00a0\u00a0\u00a0\u00a0\u00a0\u00a0\u00a0\u00a0\u00a0\u00a0\u00a0\u00a0\u00a0\u00a0\u00a0\u00a0\u00a0\u00a0\u00a0\u00a0\u00a0\u00a0\u00a0\u00a0\u00a0\u00a0 Nikolaus Bernhart<br \/>\nRechnungspr\u00fcferin:\u00a0\u00a0\u00a0\u00a0\u00a0\u00a0 Barbara Scherz<br \/>\nRechnungspr\u00fcfer:\u00a0\u00a0\u00a0\u00a0\u00a0\u00a0\u00a0\u00a0 \u00a0 Albert Mohr<\/p>\n<p>Der Musikverein w\u00fcnscht dem neu gew\u00e4hlten Vorstand, allen voran dem neuen Obmann Peter Samwald, viel Erfolg f\u00fcr die kommende Amtsperiode.<\/p>\n","protected":false},"excerpt":{"rendered":"<p>Am Freitag, den 20.02.2015 fand im Vereinsgasthaus Seewald die j\u00e4hrliche Generalversammlung statt. Neben den Berichten des Obmannes, des Kassieres und dem Kapellmeister gab es dieses Jahr auch Neuwahlen. Nach 9j\u00e4hriger T\u00e4tigkeit an der Spitze des Vereines hat Obmann Bernhard Hainfellner sein Amt zur\u00fcckgelegt und daher galt es, einen neuen Obmann zu w\u00e4hlen. Der neue Vorstand &hellip; <\/p>\n<p class=\"link-more\"><a href=\"https:\/\/mv-wuerflach.at\/?p=131\" class=\"more-link\"><span class=\"screen-reader-text\">\u201eGeneralversammlung am 20.02.2015\u201c <\/span>weiterlesen<\/a><\/p>\n","protected":false},"author":1,"featured_media":0,"comment_status":"open","ping_status":"open","sticky":false,"template":"","format":"standard","meta":{"footnotes":""},"categories":[8,1],"tags":[],"class_list":["post-131","post","type-post","status-publish","format-standard","hentry","category-aktivitaeten","category-allgemein"],"_links":{"self":[{"href":"https:\/\/mv-wuerflach.at\/index.php?rest_route=\/wp\/v2\/posts\/131","targetHints":{"allow":["GET"]}}],"collection":[{"href":"https:\/\/mv-wuerflach.at\/index.php?rest_route=\/wp\/v2\/posts"}],"about":[{"href":"https:\/\/mv-wuerflach.at\/index.php?rest_route=\/wp\/v2\/types\/post"}],"author":[{"embeddable":true,"href":"https:\/\/mv-wuerflach.at\/index.php?rest_route=\/wp\/v2\/users\/1"}],"replies":[{"embeddable":true,"href":"https:\/\/mv-wuerflach.at\/index.php?rest_route=%2Fwp%2Fv2%2Fcomments&post=131"}],"version-history":[{"count":1,"href":"https:\/\/mv-wuerflach.at\/index.php?rest_route=\/wp\/v2\/posts\/131\/revisions"}],"predecessor-version":[{"id":132,"href":"https:\/\/mv-wuerflach.at\/index.php?rest_route=\/wp\/v2\/posts\/131\/revisions\/132"}],"wp:attachment":[{"href":"https:\/\/mv-wuerflach.at\/index.php?rest_route=%2Fwp%2Fv2%2Fmedia&parent=131"}],"wp:term":[{"taxonomy":"category","embeddable":true,"href":"https:\/\/mv-wuerflach.at\/index.php?rest_route=%2Fwp%2Fv2%2Fcategories&post=131"},{"taxonomy":"post_tag","embeddable":true,"href":"https:\/\/mv-wuerflach.at\/index.php?rest_route=%2Fwp%2Fv2%2Ftags&post=131"}],"curies":[{"name":"wp","href":"https:\/\/api.w.org\/{rel}","templated":true}]}}