{"id":133,"date":"2015-06-01T21:15:23","date_gmt":"2015-06-01T21:15:23","guid":{"rendered":"http:\/\/mv-wuerflach.at\/?p=133"},"modified":"2015-06-01T21:19:02","modified_gmt":"2015-06-01T21:19:02","slug":"jungmusikerleistungsabzeichen-2010","status":"publish","type":"post","link":"https:\/\/mv-wuerflach.at\/?p=133","title":{"rendered":"Jungmusikerleistungsabzeichen 2010"},"content":{"rendered":"<p><em>Ausgezeichnete Musikerinnen und Musiker!<\/em><\/p>\n<p>Auch dieses Jahr traten drei unserer jungen Musikerinnen und Musiker zum Jungmusiker-Leistungsabzeichen (JMLA) in Silber an. Wir gratulieren Ines Gruber und Daniela Fallenb\u00fcchl, beide Querfl\u00f6te, zu einem guten Erfolg. Patrick Kindlmayr legte die Pr\u00fcfung auf seiner Tuba sogar mit einem ausgezeichneten Erfolg ab. Wir w\u00fcnschen allen Jungmusikern weiterhin viel Spa\u00df an der Musik und Erfolg auf ihrem musikalischen Werdegang.<\/p>\n","protected":false},"excerpt":{"rendered":"<p>Ausgezeichnete Musikerinnen und Musiker! Auch dieses Jahr traten drei unserer jungen Musikerinnen und Musiker zum Jungmusiker-Leistungsabzeichen (JMLA) in Silber an. Wir gratulieren Ines Gruber und Daniela Fallenb\u00fcchl, beide Querfl\u00f6te, zu einem guten Erfolg. Patrick Kindlmayr legte die Pr\u00fcfung auf seiner Tuba sogar mit einem ausgezeichneten Erfolg ab. Wir w\u00fcnschen allen Jungmusikern weiterhin viel Spa\u00df an &hellip; <\/p>\n<p class=\"link-more\"><a href=\"https:\/\/mv-wuerflach.at\/?p=133\" class=\"more-link\"><span class=\"screen-reader-text\">\u201eJungmusikerleistungsabzeichen 2010\u201c <\/span>weiterlesen<\/a><\/p>\n","protected":false},"author":1,"featured_media":0,"comment_status":"open","ping_status":"open","sticky":false,"template":"","format":"standard","meta":{"footnotes":""},"categories":[9,7],"tags":[],"class_list":["post-133","post","type-post","status-publish","format-standard","hentry","category-bewertungen","category-jugend"],"_links":{"self":[{"href":"https:\/\/mv-wuerflach.at\/index.php?rest_route=\/wp\/v2\/posts\/133","targetHints":{"allow":["GET"]}}],"collection":[{"href":"https:\/\/mv-wuerflach.at\/index.php?rest_route=\/wp\/v2\/posts"}],"about":[{"href":"https:\/\/mv-wuerflach.at\/index.php?rest_route=\/wp\/v2\/types\/post"}],"author":[{"embeddable":true,"href":"https:\/\/mv-wuerflach.at\/index.php?rest_route=\/wp\/v2\/users\/1"}],"replies":[{"embeddable":true,"href":"https:\/\/mv-wuerflach.at\/index.php?rest_route=%2Fwp%2Fv2%2Fcomments&post=133"}],"version-history":[{"count":1,"href":"https:\/\/mv-wuerflach.at\/index.php?rest_route=\/wp\/v2\/posts\/133\/revisions"}],"predecessor-version":[{"id":134,"href":"https:\/\/mv-wuerflach.at\/index.php?rest_route=\/wp\/v2\/posts\/133\/revisions\/134"}],"wp:attachment":[{"href":"https:\/\/mv-wuerflach.at\/index.php?rest_route=%2Fwp%2Fv2%2Fmedia&parent=133"}],"wp:term":[{"taxonomy":"category","embeddable":true,"href":"https:\/\/mv-wuerflach.at\/index.php?rest_route=%2Fwp%2Fv2%2Fcategories&post=133"},{"taxonomy":"post_tag","embeddable":true,"href":"https:\/\/mv-wuerflach.at\/index.php?rest_route=%2Fwp%2Fv2%2Ftags&post=133"}],"curies":[{"name":"wp","href":"https:\/\/api.w.org\/{rel}","templated":true}]}}