{"id":1332,"date":"2023-06-30T05:56:55","date_gmt":"2023-06-30T05:56:55","guid":{"rendered":"https:\/\/mv-wuerflach.at\/?p=1332"},"modified":"2023-06-30T05:56:55","modified_gmt":"2023-06-30T05:56:55","slug":"musikvereinsausflug-bad-aussee-2023","status":"publish","type":"post","link":"https:\/\/mv-wuerflach.at\/?p=1332","title":{"rendered":"Musikvereinsausflug Bad Aussee 2023"},"content":{"rendered":"\n<p>Der diesj\u00e4hrige Musikvereinsausflug f\u00fchrte uns von 23.-25.06.2023 in das sch\u00f6ne Bad Aussee zur Musikkapelle Strassen.<\/p>\n\n\n\n<p>Wie hatten 3 lustige Tage im wundersch\u00f6nen Ausseerland und feierte das 100-j\u00e4hrige Bestehen der MK Strassen, gemeinsam mit 27 anderen Musikvereinen aus ganz \u00d6sterreich.<\/p>\n\n\n\n<p>Verbunden mit etwas Action im Abtenteuerpark Gr\u00f6bming und dem wundersch\u00f6nen Friedenskircherl am Stoderzinken war es ein gelungenes Wochenende mit unserem Musikverein.<\/p>\n\n\n\n<figure class=\"wp-block-image size-large\"><a href=\"https:\/\/mv-wuerflach.at\/wp-content\/uploads\/2023\/06\/str1.jpg\"><img loading=\"lazy\" decoding=\"async\" width=\"768\" height=\"1024\" src=\"https:\/\/mv-wuerflach.at\/wp-content\/uploads\/2023\/06\/str1-768x1024.jpg\" alt=\"\" class=\"wp-image-1333\" srcset=\"https:\/\/mv-wuerflach.at\/wp-content\/uploads\/2023\/06\/str1-768x1024.jpg 768w, https:\/\/mv-wuerflach.at\/wp-content\/uploads\/2023\/06\/str1-225x300.jpg 225w, https:\/\/mv-wuerflach.at\/wp-content\/uploads\/2023\/06\/str1-1152x1536.jpg 1152w, https:\/\/mv-wuerflach.at\/wp-content\/uploads\/2023\/06\/str1.jpg 1200w\" sizes=\"auto, (max-width: 706px) 89vw, (max-width: 767px) 82vw, 740px\" \/><\/a><\/figure>\n\n\n\n<figure class=\"wp-block-image size-large\"><a href=\"https:\/\/mv-wuerflach.at\/wp-content\/uploads\/2023\/06\/str2.jpg\"><img loading=\"lazy\" decoding=\"async\" width=\"1024\" height=\"768\" src=\"https:\/\/mv-wuerflach.at\/wp-content\/uploads\/2023\/06\/str2-1024x768.jpg\" alt=\"\" class=\"wp-image-1334\" srcset=\"https:\/\/mv-wuerflach.at\/wp-content\/uploads\/2023\/06\/str2-1024x768.jpg 1024w, https:\/\/mv-wuerflach.at\/wp-content\/uploads\/2023\/06\/str2-300x225.jpg 300w, https:\/\/mv-wuerflach.at\/wp-content\/uploads\/2023\/06\/str2-768x576.jpg 768w, https:\/\/mv-wuerflach.at\/wp-content\/uploads\/2023\/06\/str2-1536x1152.jpg 1536w, https:\/\/mv-wuerflach.at\/wp-content\/uploads\/2023\/06\/str2.jpg 2048w\" sizes=\"auto, (max-width: 706px) 89vw, (max-width: 767px) 82vw, 740px\" \/><\/a><\/figure>\n\n\n\n<figure class=\"wp-block-image size-large\"><a href=\"https:\/\/mv-wuerflach.at\/wp-content\/uploads\/2023\/06\/str3.jpg\"><img loading=\"lazy\" decoding=\"async\" width=\"1024\" height=\"768\" src=\"https:\/\/mv-wuerflach.at\/wp-content\/uploads\/2023\/06\/str3-1024x768.jpg\" alt=\"\" class=\"wp-image-1335\" srcset=\"https:\/\/mv-wuerflach.at\/wp-content\/uploads\/2023\/06\/str3-1024x768.jpg 1024w, https:\/\/mv-wuerflach.at\/wp-content\/uploads\/2023\/06\/str3-300x225.jpg 300w, https:\/\/mv-wuerflach.at\/wp-content\/uploads\/2023\/06\/str3-768x576.jpg 768w, https:\/\/mv-wuerflach.at\/wp-content\/uploads\/2023\/06\/str3-1536x1152.jpg 1536w, https:\/\/mv-wuerflach.at\/wp-content\/uploads\/2023\/06\/str3.jpg 1600w\" sizes=\"auto, (max-width: 706px) 89vw, (max-width: 767px) 82vw, 740px\" \/><\/a><\/figure>\n\n\n\n<figure class=\"wp-block-image size-full\"><a href=\"https:\/\/mv-wuerflach.at\/wp-content\/uploads\/2023\/06\/str4.jpg\"><img loading=\"lazy\" decoding=\"async\" width=\"768\" height=\"1024\" src=\"https:\/\/mv-wuerflach.at\/wp-content\/uploads\/2023\/06\/str4.jpg\" alt=\"\" class=\"wp-image-1336\" srcset=\"https:\/\/mv-wuerflach.at\/wp-content\/uploads\/2023\/06\/str4.jpg 768w, https:\/\/mv-wuerflach.at\/wp-content\/uploads\/2023\/06\/str4-225x300.jpg 225w\" sizes=\"auto, (max-width: 706px) 89vw, (max-width: 767px) 82vw, 740px\" \/><\/a><\/figure>\n","protected":false},"excerpt":{"rendered":"<p>Der diesj\u00e4hrige Musikvereinsausflug f\u00fchrte uns von 23.-25.06.2023 in das sch\u00f6ne Bad Aussee zur Musikkapelle Strassen. Wie hatten 3 lustige Tage im wundersch\u00f6nen Ausseerland und feierte das 100-j\u00e4hrige Bestehen der MK Strassen, gemeinsam mit 27 anderen Musikvereinen aus ganz \u00d6sterreich. Verbunden mit etwas Action im Abtenteuerpark Gr\u00f6bming und dem wundersch\u00f6nen Friedenskircherl am Stoderzinken war es ein &hellip; <\/p>\n<p class=\"link-more\"><a href=\"https:\/\/mv-wuerflach.at\/?p=1332\" class=\"more-link\"><span class=\"screen-reader-text\">\u201eMusikvereinsausflug Bad Aussee 2023\u201c <\/span>weiterlesen<\/a><\/p>\n","protected":false},"author":2,"featured_media":0,"comment_status":"closed","ping_status":"closed","sticky":false,"template":"","format":"standard","meta":{"footnotes":""},"categories":[8,1],"tags":[],"class_list":["post-1332","post","type-post","status-publish","format-standard","hentry","category-aktivitaeten","category-allgemein"],"_links":{"self":[{"href":"https:\/\/mv-wuerflach.at\/index.php?rest_route=\/wp\/v2\/posts\/1332","targetHints":{"allow":["GET"]}}],"collection":[{"href":"https:\/\/mv-wuerflach.at\/index.php?rest_route=\/wp\/v2\/posts"}],"about":[{"href":"https:\/\/mv-wuerflach.at\/index.php?rest_route=\/wp\/v2\/types\/post"}],"author":[{"embeddable":true,"href":"https:\/\/mv-wuerflach.at\/index.php?rest_route=\/wp\/v2\/users\/2"}],"replies":[{"embeddable":true,"href":"https:\/\/mv-wuerflach.at\/index.php?rest_route=%2Fwp%2Fv2%2Fcomments&post=1332"}],"version-history":[{"count":1,"href":"https:\/\/mv-wuerflach.at\/index.php?rest_route=\/wp\/v2\/posts\/1332\/revisions"}],"predecessor-version":[{"id":1337,"href":"https:\/\/mv-wuerflach.at\/index.php?rest_route=\/wp\/v2\/posts\/1332\/revisions\/1337"}],"wp:attachment":[{"href":"https:\/\/mv-wuerflach.at\/index.php?rest_route=%2Fwp%2Fv2%2Fmedia&parent=1332"}],"wp:term":[{"taxonomy":"category","embeddable":true,"href":"https:\/\/mv-wuerflach.at\/index.php?rest_route=%2Fwp%2Fv2%2Fcategories&post=1332"},{"taxonomy":"post_tag","embeddable":true,"href":"https:\/\/mv-wuerflach.at\/index.php?rest_route=%2Fwp%2Fv2%2Ftags&post=1332"}],"curies":[{"name":"wp","href":"https:\/\/api.w.org\/{rel}","templated":true}]}}