{"id":198,"date":"2015-07-08T17:54:14","date_gmt":"2015-07-08T17:54:14","guid":{"rendered":"http:\/\/mv-wuerflach.at\/?p=198"},"modified":"2015-07-08T17:58:30","modified_gmt":"2015-07-08T17:58:30","slug":"musikfest-grosshoeflein-am-27-06-2015","status":"publish","type":"post","link":"https:\/\/mv-wuerflach.at\/?p=198","title":{"rendered":"Musikfest Gro\u00dfh\u00f6flein, am 27.06.2015"},"content":{"rendered":"<p>Am 27.06.2015 waren wir zu Besuch beim Musikfest in Gro\u00dfh\u00f6flein. Der Musikverein Hettmannsdorf-W\u00fcrflach hatte die Ehre, ein 1-st\u00fcndiges G\u00e4stekonzert spielen zu d\u00fcrfen. Die Stimmung war\u00a0gro\u00dfartig. Anschlie\u00dfend begeisterten die Sch\u00fcrzentr\u00e4ger, bei denen unser \u00a0Kapellmeister Johannes Kornfeld mitwirkt, die Massen. Der MV\u00a0Hettmannsdorf-W\u00fcrflach w\u00fcnscht dem Musikverein Gro\u00dfh\u00f6flein in diesem Sinne noch einmal alles Gute zum 45-j\u00e4hrigen Jubil\u00e4um und bedankt sich f\u00fcr die Einladung, die tolle Stimmung und die sehr gute Bewirtung.<\/p>\n<p><a href=\"http:\/\/mv-wuerflach.at\/wp-content\/uploads\/2015\/07\/11046686_688765091255332_2940023780162756655_n.jpg\"><img loading=\"lazy\" decoding=\"async\" class=\"  wp-image-199 aligncenter\" src=\"http:\/\/mv-wuerflach.at\/wp-content\/uploads\/2015\/07\/11046686_688765091255332_2940023780162756655_n-300x225.jpg\" alt=\"11046686_688765091255332_2940023780162756655_n\" width=\"383\" height=\"287\" srcset=\"https:\/\/mv-wuerflach.at\/wp-content\/uploads\/2015\/07\/11046686_688765091255332_2940023780162756655_n-300x225.jpg 300w, https:\/\/mv-wuerflach.at\/wp-content\/uploads\/2015\/07\/11046686_688765091255332_2940023780162756655_n.jpg 960w\" sizes=\"auto, (max-width: 383px) 100vw, 383px\" \/><\/a><\/p>\n","protected":false},"excerpt":{"rendered":"<p>Am 27.06.2015 waren wir zu Besuch beim Musikfest in Gro\u00dfh\u00f6flein. Der Musikverein Hettmannsdorf-W\u00fcrflach hatte die Ehre, ein 1-st\u00fcndiges G\u00e4stekonzert spielen zu d\u00fcrfen. Die Stimmung war\u00a0gro\u00dfartig. Anschlie\u00dfend begeisterten die Sch\u00fcrzentr\u00e4ger, bei denen unser \u00a0Kapellmeister Johannes Kornfeld mitwirkt, die Massen. Der MV\u00a0Hettmannsdorf-W\u00fcrflach w\u00fcnscht dem Musikverein Gro\u00dfh\u00f6flein in diesem Sinne noch einmal alles Gute zum 45-j\u00e4hrigen Jubil\u00e4um und &hellip; <\/p>\n<p class=\"link-more\"><a href=\"https:\/\/mv-wuerflach.at\/?p=198\" class=\"more-link\"><span class=\"screen-reader-text\">\u201eMusikfest Gro\u00dfh\u00f6flein, am 27.06.2015\u201c <\/span>weiterlesen<\/a><\/p>\n","protected":false},"author":2,"featured_media":0,"comment_status":"open","ping_status":"closed","sticky":false,"template":"","format":"standard","meta":{"footnotes":""},"categories":[8,6,10],"tags":[],"class_list":["post-198","post","type-post","status-publish","format-standard","hentry","category-aktivitaeten","category-auftritte","category-veranstaltungen"],"_links":{"self":[{"href":"https:\/\/mv-wuerflach.at\/index.php?rest_route=\/wp\/v2\/posts\/198","targetHints":{"allow":["GET"]}}],"collection":[{"href":"https:\/\/mv-wuerflach.at\/index.php?rest_route=\/wp\/v2\/posts"}],"about":[{"href":"https:\/\/mv-wuerflach.at\/index.php?rest_route=\/wp\/v2\/types\/post"}],"author":[{"embeddable":true,"href":"https:\/\/mv-wuerflach.at\/index.php?rest_route=\/wp\/v2\/users\/2"}],"replies":[{"embeddable":true,"href":"https:\/\/mv-wuerflach.at\/index.php?rest_route=%2Fwp%2Fv2%2Fcomments&post=198"}],"version-history":[{"count":2,"href":"https:\/\/mv-wuerflach.at\/index.php?rest_route=\/wp\/v2\/posts\/198\/revisions"}],"predecessor-version":[{"id":201,"href":"https:\/\/mv-wuerflach.at\/index.php?rest_route=\/wp\/v2\/posts\/198\/revisions\/201"}],"wp:attachment":[{"href":"https:\/\/mv-wuerflach.at\/index.php?rest_route=%2Fwp%2Fv2%2Fmedia&parent=198"}],"wp:term":[{"taxonomy":"category","embeddable":true,"href":"https:\/\/mv-wuerflach.at\/index.php?rest_route=%2Fwp%2Fv2%2Fcategories&post=198"},{"taxonomy":"post_tag","embeddable":true,"href":"https:\/\/mv-wuerflach.at\/index.php?rest_route=%2Fwp%2Fv2%2Ftags&post=198"}],"curies":[{"name":"wp","href":"https:\/\/api.w.org\/{rel}","templated":true}]}}