{"id":212,"date":"2015-07-14T17:41:17","date_gmt":"2015-07-14T17:41:17","guid":{"rendered":"http:\/\/mv-wuerflach.at\/?p=212"},"modified":"2015-07-15T20:33:11","modified_gmt":"2015-07-15T20:33:11","slug":"wuerflacher-musikantenfestl","status":"publish","type":"post","link":"https:\/\/mv-wuerflach.at\/?p=212","title":{"rendered":"W\u00fcrflacher Musikantenfest\u00b4l"},"content":{"rendered":"<p>Von 11.-12. Juli 2015 fand das W\u00fcrflacher Musikantenfest&#8217;l des Musikverein Hettmannsdorf-W\u00fcrflach vor dem Musikheim statt. Bei sch\u00f6nem Wetter und tollem Publikum spielte der Verein am Samstag Abend sein bereits traditionelles Wunschkonzert. Dabei wurden auch unsere Marketenderinnen f\u00fcr ihre Mitgliedschaft und tolle Unterst\u00fctzung mit der silbernen Ehrennadel geehrt. Am Sonntag zelebrierte Pater Johannes Paul die Messe f\u00fcr unsere verstorbenen Musikkollegen. Danach unterhielt der Musikverein Dechantskirchen die Festbesucher mit einem stimmungsvollem Fr\u00fchschoppen. Es war ein tolles und erfolgreiches Fest und wir sagen nochmals danke an alle freiwilligen Helfer und Helferinnen und die Festbesucher!<\/p>\n<figure id=\"attachment_213\" aria-describedby=\"caption-attachment-213\" style=\"width: 300px\" class=\"wp-caption aligncenter\"><a href=\"http:\/\/mv-wuerflach.at\/wp-content\/uploads\/2015\/07\/2015_07_12-010440_NIK_6579.jpg\"><img loading=\"lazy\" decoding=\"async\" class=\"wp-image-213 size-medium\" src=\"http:\/\/mv-wuerflach.at\/wp-content\/uploads\/2015\/07\/2015_07_12-010440_NIK_6579-300x199.jpg\" alt=\"2015_07_12-010440_NIK_6579\" width=\"300\" height=\"199\" srcset=\"https:\/\/mv-wuerflach.at\/wp-content\/uploads\/2015\/07\/2015_07_12-010440_NIK_6579-300x199.jpg 300w, https:\/\/mv-wuerflach.at\/wp-content\/uploads\/2015\/07\/2015_07_12-010440_NIK_6579-1024x678.jpg 1024w\" sizes=\"auto, (max-width: 300px) 100vw, 300px\" \/><\/a><figcaption id=\"caption-attachment-213\" class=\"wp-caption-text\">Das Wunschkonzert am Samstag vor unserem Musikheim<\/figcaption><\/figure>\n<figure id=\"attachment_214\" aria-describedby=\"caption-attachment-214\" style=\"width: 300px\" class=\"wp-caption aligncenter\"><a href=\"http:\/\/mv-wuerflach.at\/wp-content\/uploads\/2015\/07\/2015_07_12-023536_NIK_6674.jpg\"><img loading=\"lazy\" decoding=\"async\" class=\"wp-image-214 size-medium\" src=\"http:\/\/mv-wuerflach.at\/wp-content\/uploads\/2015\/07\/2015_07_12-023536_NIK_6674-300x199.jpg\" alt=\"2015_07_12-023536_NIK_6674\" width=\"300\" height=\"199\" srcset=\"https:\/\/mv-wuerflach.at\/wp-content\/uploads\/2015\/07\/2015_07_12-023536_NIK_6674-300x199.jpg 300w, https:\/\/mv-wuerflach.at\/wp-content\/uploads\/2015\/07\/2015_07_12-023536_NIK_6674-1024x678.jpg 1024w\" sizes=\"auto, (max-width: 300px) 100vw, 300px\" \/><\/a><figcaption id=\"caption-attachment-214\" class=\"wp-caption-text\">Ehrung unserer Marketenderinnen<\/figcaption><\/figure>\n<figure id=\"attachment_215\" aria-describedby=\"caption-attachment-215\" style=\"width: 300px\" class=\"wp-caption aligncenter\"><a href=\"http:\/\/mv-wuerflach.at\/wp-content\/uploads\/2015\/07\/2015_07_12-011428_NIK_6591.jpg\"><img loading=\"lazy\" decoding=\"async\" class=\"size-medium wp-image-215\" src=\"http:\/\/mv-wuerflach.at\/wp-content\/uploads\/2015\/07\/2015_07_12-011428_NIK_6591-300x199.jpg\" alt=\"Vollste Konzentration beim Wunschkonzert\" width=\"300\" height=\"199\" srcset=\"https:\/\/mv-wuerflach.at\/wp-content\/uploads\/2015\/07\/2015_07_12-011428_NIK_6591-300x199.jpg 300w, https:\/\/mv-wuerflach.at\/wp-content\/uploads\/2015\/07\/2015_07_12-011428_NIK_6591-1024x678.jpg 1024w\" sizes=\"auto, (max-width: 300px) 100vw, 300px\" \/><\/a><figcaption id=\"caption-attachment-215\" class=\"wp-caption-text\">Vollste Konzentration beim Wunschkonzert<\/figcaption><\/figure>\n<p><a href=\"https:\/\/www.flickr.com\/photos\/133813353@N02\/sets\/72157655845345226\" target=\"_blank\">Hier gehts zu weiteren Fotos<\/a><\/p>\n","protected":false},"excerpt":{"rendered":"<p>Von 11.-12. Juli 2015 fand das W\u00fcrflacher Musikantenfest&#8217;l des Musikverein Hettmannsdorf-W\u00fcrflach vor dem Musikheim statt. Bei sch\u00f6nem Wetter und tollem Publikum spielte der Verein am Samstag Abend sein bereits traditionelles Wunschkonzert. Dabei wurden auch unsere Marketenderinnen f\u00fcr ihre Mitgliedschaft und tolle Unterst\u00fctzung mit der silbernen Ehrennadel geehrt. Am Sonntag zelebrierte Pater Johannes Paul die Messe &hellip; <\/p>\n<p class=\"link-more\"><a href=\"https:\/\/mv-wuerflach.at\/?p=212\" class=\"more-link\"><span class=\"screen-reader-text\">\u201eW\u00fcrflacher Musikantenfest\u00b4l\u201c <\/span>weiterlesen<\/a><\/p>\n","protected":false},"author":2,"featured_media":0,"comment_status":"open","ping_status":"closed","sticky":false,"template":"","format":"standard","meta":{"footnotes":""},"categories":[8,6,10],"tags":[],"class_list":["post-212","post","type-post","status-publish","format-standard","hentry","category-aktivitaeten","category-auftritte","category-veranstaltungen"],"_links":{"self":[{"href":"https:\/\/mv-wuerflach.at\/index.php?rest_route=\/wp\/v2\/posts\/212","targetHints":{"allow":["GET"]}}],"collection":[{"href":"https:\/\/mv-wuerflach.at\/index.php?rest_route=\/wp\/v2\/posts"}],"about":[{"href":"https:\/\/mv-wuerflach.at\/index.php?rest_route=\/wp\/v2\/types\/post"}],"author":[{"embeddable":true,"href":"https:\/\/mv-wuerflach.at\/index.php?rest_route=\/wp\/v2\/users\/2"}],"replies":[{"embeddable":true,"href":"https:\/\/mv-wuerflach.at\/index.php?rest_route=%2Fwp%2Fv2%2Fcomments&post=212"}],"version-history":[{"count":4,"href":"https:\/\/mv-wuerflach.at\/index.php?rest_route=\/wp\/v2\/posts\/212\/revisions"}],"predecessor-version":[{"id":220,"href":"https:\/\/mv-wuerflach.at\/index.php?rest_route=\/wp\/v2\/posts\/212\/revisions\/220"}],"wp:attachment":[{"href":"https:\/\/mv-wuerflach.at\/index.php?rest_route=%2Fwp%2Fv2%2Fmedia&parent=212"}],"wp:term":[{"taxonomy":"category","embeddable":true,"href":"https:\/\/mv-wuerflach.at\/index.php?rest_route=%2Fwp%2Fv2%2Fcategories&post=212"},{"taxonomy":"post_tag","embeddable":true,"href":"https:\/\/mv-wuerflach.at\/index.php?rest_route=%2Fwp%2Fv2%2Ftags&post=212"}],"curies":[{"name":"wp","href":"https:\/\/api.w.org\/{rel}","templated":true}]}}