{"id":301,"date":"2015-11-23T21:08:07","date_gmt":"2015-11-23T21:08:07","guid":{"rendered":"http:\/\/mv-wuerflach.at\/?p=301"},"modified":"2015-11-25T05:55:47","modified_gmt":"2015-11-25T05:55:47","slug":"vorankuendigung-weihnachtliches-konzert","status":"publish","type":"post","link":"https:\/\/mv-wuerflach.at\/?p=301","title":{"rendered":"Vorank\u00fcndigung Weihnachtliches Konzert"},"content":{"rendered":"<p>Am Samstag den <strong>19.12.2015 um 19:00 Uhr<\/strong> findet in der Pfarrkirche W\u00fcrflach unser <span style=\"text-decoration: underline;\"><strong>Weihnachtliches Konzert<\/strong><\/span> statt.<\/p>\n<p>Nicht nur der Musikverein Hettmannsdorf-W\u00fcrflach, sondern auch die W\u00fcrflacher Septime, der Chor der Volksschule W\u00fcrflach, die Wechselspielleut\u00b4sowie die Tanzlmusi Saiten Blech werden Sie mit besinnlichen Kl\u00e4ngen verw\u00f6hnen.<\/p>\n<p>Durch das Programm begleitet Sie Fr. OSR Dir. Andrea Wenhart.<\/p>\n<p>Nach dem Konzert findet ein gem\u00fctlicher Ausklang im Pfarrstadl statt.<\/p>\n<p>Vorverkaufskarten sind ab 30. November bei der RIBA W\u00fcrflach und bei der Firma Schauer erh\u00e4ltlich.<\/p>\n<p>Auf Ihr Kommen freut sich der Musikverein Hettmannsdorf-W\u00fcrflach!<\/p>\n<p>&nbsp;<\/p>\n<p><a href=\"http:\/\/mv-wuerflach.at\/wp-content\/uploads\/2015\/11\/plakat.jpg\"><img loading=\"lazy\" decoding=\"async\" class=\"wp-image-305 aligncenter\" src=\"http:\/\/mv-wuerflach.at\/wp-content\/uploads\/2015\/11\/plakat-209x300.jpg\" alt=\"plakat\" width=\"304\" height=\"436\" srcset=\"https:\/\/mv-wuerflach.at\/wp-content\/uploads\/2015\/11\/plakat-209x300.jpg 209w, https:\/\/mv-wuerflach.at\/wp-content\/uploads\/2015\/11\/plakat-715x1024.jpg 715w, https:\/\/mv-wuerflach.at\/wp-content\/uploads\/2015\/11\/plakat.jpg 1414w\" sizes=\"auto, (max-width: 304px) 100vw, 304px\" \/><\/a><\/p>\n<p>&nbsp;<\/p>\n","protected":false},"excerpt":{"rendered":"<p>Am Samstag den 19.12.2015 um 19:00 Uhr findet in der Pfarrkirche W\u00fcrflach unser Weihnachtliches Konzert statt. Nicht nur der Musikverein Hettmannsdorf-W\u00fcrflach, sondern auch die W\u00fcrflacher Septime, der Chor der Volksschule W\u00fcrflach, die Wechselspielleut\u00b4sowie die Tanzlmusi Saiten Blech werden Sie mit besinnlichen Kl\u00e4ngen verw\u00f6hnen. Durch das Programm begleitet Sie Fr. OSR Dir. Andrea Wenhart. Nach dem &hellip; <\/p>\n<p class=\"link-more\"><a href=\"https:\/\/mv-wuerflach.at\/?p=301\" class=\"more-link\"><span class=\"screen-reader-text\">\u201eVorank\u00fcndigung Weihnachtliches Konzert\u201c <\/span>weiterlesen<\/a><\/p>\n","protected":false},"author":2,"featured_media":0,"comment_status":"open","ping_status":"closed","sticky":false,"template":"","format":"standard","meta":{"footnotes":""},"categories":[1,5],"tags":[],"class_list":["post-301","post","type-post","status-publish","format-standard","hentry","category-allgemein","category-termine"],"_links":{"self":[{"href":"https:\/\/mv-wuerflach.at\/index.php?rest_route=\/wp\/v2\/posts\/301","targetHints":{"allow":["GET"]}}],"collection":[{"href":"https:\/\/mv-wuerflach.at\/index.php?rest_route=\/wp\/v2\/posts"}],"about":[{"href":"https:\/\/mv-wuerflach.at\/index.php?rest_route=\/wp\/v2\/types\/post"}],"author":[{"embeddable":true,"href":"https:\/\/mv-wuerflach.at\/index.php?rest_route=\/wp\/v2\/users\/2"}],"replies":[{"embeddable":true,"href":"https:\/\/mv-wuerflach.at\/index.php?rest_route=%2Fwp%2Fv2%2Fcomments&post=301"}],"version-history":[{"count":3,"href":"https:\/\/mv-wuerflach.at\/index.php?rest_route=\/wp\/v2\/posts\/301\/revisions"}],"predecessor-version":[{"id":307,"href":"https:\/\/mv-wuerflach.at\/index.php?rest_route=\/wp\/v2\/posts\/301\/revisions\/307"}],"wp:attachment":[{"href":"https:\/\/mv-wuerflach.at\/index.php?rest_route=%2Fwp%2Fv2%2Fmedia&parent=301"}],"wp:term":[{"taxonomy":"category","embeddable":true,"href":"https:\/\/mv-wuerflach.at\/index.php?rest_route=%2Fwp%2Fv2%2Fcategories&post=301"},{"taxonomy":"post_tag","embeddable":true,"href":"https:\/\/mv-wuerflach.at\/index.php?rest_route=%2Fwp%2Fv2%2Ftags&post=301"}],"curies":[{"name":"wp","href":"https:\/\/api.w.org\/{rel}","templated":true}]}}