{"id":313,"date":"2015-12-10T20:15:38","date_gmt":"2015-12-10T20:15:38","guid":{"rendered":"http:\/\/mv-wuerflach.at\/?p=313"},"modified":"2015-12-10T20:15:38","modified_gmt":"2015-12-10T20:15:38","slug":"advent-in-der-johannesbachklamm-2015","status":"publish","type":"post","link":"https:\/\/mv-wuerflach.at\/?p=313","title":{"rendered":"Advent in der Johannesbachklamm 2015"},"content":{"rendered":"<p>Auch dieses Jahr war der Musikverein Hettmannsdorf-W\u00fcrflach wieder beim Advent in der Johannesbachklamm dabei!<br \/>\nWir sorgten nicht nur mit Schnitzelsemmel und Co. f\u00fcr das leiblich Wohl der G\u00e4ste, sondern es wurde auch jeden Tag mit kleinen Gruppen musiziert.<\/p>\n<p><a href=\"http:\/\/mv-wuerflach.at\/wp-content\/uploads\/2015\/12\/12308813_750004318464742_598706796382044071_n.jpg\"><img loading=\"lazy\" decoding=\"async\" class=\" wp-image-314\" src=\"http:\/\/mv-wuerflach.at\/wp-content\/uploads\/2015\/12\/12308813_750004318464742_598706796382044071_n-300x200.jpg\" alt=\"Unsere Musihittn\" width=\"352\" height=\"235\" srcset=\"https:\/\/mv-wuerflach.at\/wp-content\/uploads\/2015\/12\/12308813_750004318464742_598706796382044071_n-300x200.jpg 300w, https:\/\/mv-wuerflach.at\/wp-content\/uploads\/2015\/12\/12308813_750004318464742_598706796382044071_n.jpg 640w\" sizes=\"auto, (max-width: 352px) 100vw, 352px\" \/><\/a><\/p>\n<p><a href=\"http:\/\/mv-wuerflach.at\/wp-content\/uploads\/2015\/12\/12373412_750004321798075_4435220244433099567_n.jpg\"><img loading=\"lazy\" decoding=\"async\" class=\"wp-image-316 alignleft\" src=\"http:\/\/mv-wuerflach.at\/wp-content\/uploads\/2015\/12\/12373412_750004321798075_4435220244433099567_n-300x200.jpg\" alt=\"12373412_750004321798075_4435220244433099567_n\" width=\"353\" height=\"235\" srcset=\"https:\/\/mv-wuerflach.at\/wp-content\/uploads\/2015\/12\/12373412_750004321798075_4435220244433099567_n-300x200.jpg 300w, https:\/\/mv-wuerflach.at\/wp-content\/uploads\/2015\/12\/12373412_750004321798075_4435220244433099567_n.jpg 640w\" sizes=\"auto, (max-width: 353px) 100vw, 353px\" \/><\/a><\/p>\n<p>&nbsp;<\/p>\n<p><a href=\"http:\/\/mv-wuerflach.at\/wp-content\/uploads\/2015\/12\/12360059_750004381798069_5683748953301522489_n.jpg\"><img loading=\"lazy\" decoding=\"async\" class=\"wp-image-315 alignleft\" src=\"http:\/\/mv-wuerflach.at\/wp-content\/uploads\/2015\/12\/12360059_750004381798069_5683748953301522489_n-300x200.jpg\" alt=\"12360059_750004381798069_5683748953301522489_n\" width=\"353\" height=\"235\" srcset=\"https:\/\/mv-wuerflach.at\/wp-content\/uploads\/2015\/12\/12360059_750004381798069_5683748953301522489_n-300x200.jpg 300w, https:\/\/mv-wuerflach.at\/wp-content\/uploads\/2015\/12\/12360059_750004381798069_5683748953301522489_n.jpg 640w\" sizes=\"auto, (max-width: 353px) 100vw, 353px\" \/><\/a><\/p>\n","protected":false},"excerpt":{"rendered":"<p>Auch dieses Jahr war der Musikverein Hettmannsdorf-W\u00fcrflach wieder beim Advent in der Johannesbachklamm dabei! Wir sorgten nicht nur mit Schnitzelsemmel und Co. f\u00fcr das leiblich Wohl der G\u00e4ste, sondern es wurde auch jeden Tag mit kleinen Gruppen musiziert. &nbsp;<\/p>\n","protected":false},"author":2,"featured_media":0,"comment_status":"open","ping_status":"closed","sticky":false,"template":"","format":"standard","meta":{"footnotes":""},"categories":[8,6,10],"tags":[],"class_list":["post-313","post","type-post","status-publish","format-standard","hentry","category-aktivitaeten","category-auftritte","category-veranstaltungen"],"_links":{"self":[{"href":"https:\/\/mv-wuerflach.at\/index.php?rest_route=\/wp\/v2\/posts\/313","targetHints":{"allow":["GET"]}}],"collection":[{"href":"https:\/\/mv-wuerflach.at\/index.php?rest_route=\/wp\/v2\/posts"}],"about":[{"href":"https:\/\/mv-wuerflach.at\/index.php?rest_route=\/wp\/v2\/types\/post"}],"author":[{"embeddable":true,"href":"https:\/\/mv-wuerflach.at\/index.php?rest_route=\/wp\/v2\/users\/2"}],"replies":[{"embeddable":true,"href":"https:\/\/mv-wuerflach.at\/index.php?rest_route=%2Fwp%2Fv2%2Fcomments&post=313"}],"version-history":[{"count":4,"href":"https:\/\/mv-wuerflach.at\/index.php?rest_route=\/wp\/v2\/posts\/313\/revisions"}],"predecessor-version":[{"id":320,"href":"https:\/\/mv-wuerflach.at\/index.php?rest_route=\/wp\/v2\/posts\/313\/revisions\/320"}],"wp:attachment":[{"href":"https:\/\/mv-wuerflach.at\/index.php?rest_route=%2Fwp%2Fv2%2Fmedia&parent=313"}],"wp:term":[{"taxonomy":"category","embeddable":true,"href":"https:\/\/mv-wuerflach.at\/index.php?rest_route=%2Fwp%2Fv2%2Fcategories&post=313"},{"taxonomy":"post_tag","embeddable":true,"href":"https:\/\/mv-wuerflach.at\/index.php?rest_route=%2Fwp%2Fv2%2Ftags&post=313"}],"curies":[{"name":"wp","href":"https:\/\/api.w.org\/{rel}","templated":true}]}}