{"id":354,"date":"2016-02-24T07:06:40","date_gmt":"2016-02-24T07:06:40","guid":{"rendered":"http:\/\/mv-wuerflach.at\/?p=354"},"modified":"2016-03-02T08:58:54","modified_gmt":"2016-03-02T08:58:54","slug":"ehrenobmann-johann-seewald-1938-2016","status":"publish","type":"post","link":"https:\/\/mv-wuerflach.at\/?p=354","title":{"rendered":"Ehrenobmann Johann Seewald (1938 \u2013 2016)"},"content":{"rendered":"<p dir=\"LTR\" align=\"LEFT\"><img loading=\"lazy\" decoding=\"async\" class=\"wp-image-358 alignleft\" src=\"http:\/\/mv-wuerflach.at\/wp-content\/uploads\/2016\/02\/Seewald-Johann-249x300.jpg\" alt=\"Seewald Johann\" width=\"126\" height=\"152\" srcset=\"https:\/\/mv-wuerflach.at\/wp-content\/uploads\/2016\/02\/Seewald-Johann-249x300.jpg 249w, https:\/\/mv-wuerflach.at\/wp-content\/uploads\/2016\/02\/Seewald-Johann-848x1024.jpg 848w, https:\/\/mv-wuerflach.at\/wp-content\/uploads\/2016\/02\/Seewald-Johann.jpg 2029w\" sizes=\"auto, (max-width: 126px) 100vw, 126px\" \/>In tiefer Trauer und mit aufrichtiger Anteilnahme geben wir bekannt, dass unser Ehrenobmann Hans Seewald verstorben ist. Mit Hans Seewald verliert der MV Hettmannsdorf-W\u00fcrflach eine seiner gr\u00f6\u00dften Pers\u00f6nlichkeiten.<\/p>\n<p dir=\"LTR\" align=\"LEFT\">Das Vereinsgasthaus Seewald war viele Jahrzehnte lang das Probelokal und auch Herz des Musikvereines. Mit dem Musikverein praktisch in den eigenen vier W\u00e4nden aufgewachsen, trat Hans Seewald 1956 als aktives Mitglied in den Verein ein. Er wollte jedoch nicht nur musizieren, sondern auch Verantwortung \u00fcbernehmen. So wurde er 1969 zum Obmann gew\u00e4hlt. In den folgenden 15 Jahren pr\u00e4gte er mit seinem Elan und seinem Idealismus das Vereinsgeschehen. Vieles davon mit Nachhaltigkeit. Wie z.B. mit der Anmietung des ehemailgen Gemeindeamtes Hettmannsdorf im Jahr 1971. War es urspr\u00fcnglich nur Archiv und sp\u00e4ter dann Raum zur Jugendausbildung, so ist es heute unser sch\u00f6nes Musikheim. Das Organisieren war eine gro\u00dfe Gabe unseres Ehrenobmannes. Zahlreiche Veranstaltungen, Konzertreisen im In- und Ausland belegen das. 1983 legte er sein Amt zur\u00fcck und ist somit der l\u00e4ngstdienende Obmann unseres Musikvereines. Danach \u00fcbernahm er noch das Amt des Archivars und war auch noch bis 2005 als Kassapr\u00fcfer t\u00e4tig. 2009 trat er als aktiver Musiker zur\u00fcck und wurde zum Ehrenmitglied ernannt.<\/p>\n<p dir=\"LTR\" align=\"LEFT\">Ehrenobmann Hans Seewald war immer f\u00fcr seinen Musikverein da und hatte stets ein offenes Ohr. Aber auch seiner Familie, seiner Gerti, den T\u00f6chtern Claudia, Maria und Barbara sowie seinem Sohn Hans, seinem Nachfolger als Vereinswirt, gilt gro\u00dfer Dank. Auch sie sind, nach Vorbild ihres Vaters, mit unserem Verein tief verbunden und waren zum Teil auch selbst im Verein aktiv dabei.<\/p>\n<p dir=\"LTR\" align=\"LEFT\">Mit seinem Marsch, dem Seyffertitz Marsch, nahmen wir beim Begr\u00e4bnis am 20. Februar 2016 Abschied von unserem Hans.<\/p>\n<p dir=\"LTR\" align=\"LEFT\"><a href=\"http:\/\/mv-wuerflach.at\/wp-content\/uploads\/2016\/02\/Seewald-Johann.jpg\">\u00a0<\/a><\/p>\n<p dir=\"LTR\" align=\"LEFT\">Lieber Ehrenobmann Hans Seewald, wir werden dir ein ewiges Andenken bewahren!<\/p>\n<p>&nbsp;<\/p>\n","protected":false},"excerpt":{"rendered":"<p>In tiefer Trauer und mit aufrichtiger Anteilnahme geben wir bekannt, dass unser Ehrenobmann Hans Seewald verstorben ist. Mit Hans Seewald verliert der MV Hettmannsdorf-W\u00fcrflach eine seiner gr\u00f6\u00dften Pers\u00f6nlichkeiten. Das Vereinsgasthaus Seewald war viele Jahrzehnte lang das Probelokal und auch Herz des Musikvereines. Mit dem Musikverein praktisch in den eigenen vier W\u00e4nden aufgewachsen, trat Hans Seewald &hellip; <\/p>\n<p class=\"link-more\"><a href=\"https:\/\/mv-wuerflach.at\/?p=354\" class=\"more-link\"><span class=\"screen-reader-text\">\u201eEhrenobmann Johann Seewald (1938 \u2013 2016)\u201c <\/span>weiterlesen<\/a><\/p>\n","protected":false},"author":2,"featured_media":0,"comment_status":"open","ping_status":"closed","sticky":false,"template":"","format":"standard","meta":{"footnotes":""},"categories":[1],"tags":[],"class_list":["post-354","post","type-post","status-publish","format-standard","hentry","category-allgemein"],"_links":{"self":[{"href":"https:\/\/mv-wuerflach.at\/index.php?rest_route=\/wp\/v2\/posts\/354","targetHints":{"allow":["GET"]}}],"collection":[{"href":"https:\/\/mv-wuerflach.at\/index.php?rest_route=\/wp\/v2\/posts"}],"about":[{"href":"https:\/\/mv-wuerflach.at\/index.php?rest_route=\/wp\/v2\/types\/post"}],"author":[{"embeddable":true,"href":"https:\/\/mv-wuerflach.at\/index.php?rest_route=\/wp\/v2\/users\/2"}],"replies":[{"embeddable":true,"href":"https:\/\/mv-wuerflach.at\/index.php?rest_route=%2Fwp%2Fv2%2Fcomments&post=354"}],"version-history":[{"count":3,"href":"https:\/\/mv-wuerflach.at\/index.php?rest_route=\/wp\/v2\/posts\/354\/revisions"}],"predecessor-version":[{"id":360,"href":"https:\/\/mv-wuerflach.at\/index.php?rest_route=\/wp\/v2\/posts\/354\/revisions\/360"}],"wp:attachment":[{"href":"https:\/\/mv-wuerflach.at\/index.php?rest_route=%2Fwp%2Fv2%2Fmedia&parent=354"}],"wp:term":[{"taxonomy":"category","embeddable":true,"href":"https:\/\/mv-wuerflach.at\/index.php?rest_route=%2Fwp%2Fv2%2Fcategories&post=354"},{"taxonomy":"post_tag","embeddable":true,"href":"https:\/\/mv-wuerflach.at\/index.php?rest_route=%2Fwp%2Fv2%2Ftags&post=354"}],"curies":[{"name":"wp","href":"https:\/\/api.w.org\/{rel}","templated":true}]}}