{"id":365,"date":"2016-03-14T12:09:41","date_gmt":"2016-03-14T12:09:41","guid":{"rendered":"http:\/\/mv-wuerflach.at\/?p=365"},"modified":"2016-03-14T12:09:41","modified_gmt":"2016-03-14T12:09:41","slug":"ehrung-kpm-johannes-kornfeld","status":"publish","type":"post","link":"https:\/\/mv-wuerflach.at\/?p=365","title":{"rendered":"Ehrung Kpm. Johannes Kornfeld"},"content":{"rendered":"<p>Die verdienstvolle musikalische Leitung von Blasmusikkapellen, die in ununterbrochener Reihenfolge zu Konzertmusikbewertungen antreten, wird vom N\u00d6BV durch die Verleihung einer &#8222;Dirigentennadel&#8220; gew\u00fcrdigt. Kpm. Johannes Kornfeld wurde die \u201eDirigentennadel \u00a0in Gold\u201c f\u00fcr 9-maliges Erreichen von mindestens 90 Punkten verliehen. Die \u00dcbergabe erfolgte am 12. M\u00e4rz 2016 durch Landeskapellmeister Sternberger im Schloss Zeillern. Wir gratulieren unserem Kapellmeister recht herzlich zu dieser hohen Auszeichnung und danken ihm f\u00fcr seine hervorragende Arbeit in unserem Verein.<\/p>\n<p><a href=\"http:\/\/mv-wuerflach.at\/wp-content\/uploads\/2016\/03\/IMG_1541.jpg\"><img loading=\"lazy\" decoding=\"async\" class=\"size-medium wp-image-366 aligncenter\" src=\"http:\/\/mv-wuerflach.at\/wp-content\/uploads\/2016\/03\/IMG_1541-300x225.jpg\" alt=\"IMG_1541\" width=\"300\" height=\"225\" srcset=\"https:\/\/mv-wuerflach.at\/wp-content\/uploads\/2016\/03\/IMG_1541-300x225.jpg 300w, https:\/\/mv-wuerflach.at\/wp-content\/uploads\/2016\/03\/IMG_1541-1024x768.jpg 1024w, https:\/\/mv-wuerflach.at\/wp-content\/uploads\/2016\/03\/IMG_1541.jpg 1600w\" sizes=\"auto, (max-width: 300px) 100vw, 300px\" \/><\/a><\/p>\n","protected":false},"excerpt":{"rendered":"<p>Die verdienstvolle musikalische Leitung von Blasmusikkapellen, die in ununterbrochener Reihenfolge zu Konzertmusikbewertungen antreten, wird vom N\u00d6BV durch die Verleihung einer &#8222;Dirigentennadel&#8220; gew\u00fcrdigt. Kpm. Johannes Kornfeld wurde die \u201eDirigentennadel \u00a0in Gold\u201c f\u00fcr 9-maliges Erreichen von mindestens 90 Punkten verliehen. Die \u00dcbergabe erfolgte am 12. M\u00e4rz 2016 durch Landeskapellmeister Sternberger im Schloss Zeillern. Wir gratulieren unserem Kapellmeister &hellip; <\/p>\n<p class=\"link-more\"><a href=\"https:\/\/mv-wuerflach.at\/?p=365\" class=\"more-link\"><span class=\"screen-reader-text\">\u201eEhrung Kpm. Johannes Kornfeld\u201c <\/span>weiterlesen<\/a><\/p>\n","protected":false},"author":2,"featured_media":0,"comment_status":"open","ping_status":"closed","sticky":false,"template":"","format":"standard","meta":{"footnotes":""},"categories":[1,9],"tags":[],"class_list":["post-365","post","type-post","status-publish","format-standard","hentry","category-allgemein","category-bewertungen"],"_links":{"self":[{"href":"https:\/\/mv-wuerflach.at\/index.php?rest_route=\/wp\/v2\/posts\/365","targetHints":{"allow":["GET"]}}],"collection":[{"href":"https:\/\/mv-wuerflach.at\/index.php?rest_route=\/wp\/v2\/posts"}],"about":[{"href":"https:\/\/mv-wuerflach.at\/index.php?rest_route=\/wp\/v2\/types\/post"}],"author":[{"embeddable":true,"href":"https:\/\/mv-wuerflach.at\/index.php?rest_route=\/wp\/v2\/users\/2"}],"replies":[{"embeddable":true,"href":"https:\/\/mv-wuerflach.at\/index.php?rest_route=%2Fwp%2Fv2%2Fcomments&post=365"}],"version-history":[{"count":1,"href":"https:\/\/mv-wuerflach.at\/index.php?rest_route=\/wp\/v2\/posts\/365\/revisions"}],"predecessor-version":[{"id":367,"href":"https:\/\/mv-wuerflach.at\/index.php?rest_route=\/wp\/v2\/posts\/365\/revisions\/367"}],"wp:attachment":[{"href":"https:\/\/mv-wuerflach.at\/index.php?rest_route=%2Fwp%2Fv2%2Fmedia&parent=365"}],"wp:term":[{"taxonomy":"category","embeddable":true,"href":"https:\/\/mv-wuerflach.at\/index.php?rest_route=%2Fwp%2Fv2%2Fcategories&post=365"},{"taxonomy":"post_tag","embeddable":true,"href":"https:\/\/mv-wuerflach.at\/index.php?rest_route=%2Fwp%2Fv2%2Ftags&post=365"}],"curies":[{"name":"wp","href":"https:\/\/api.w.org\/{rel}","templated":true}]}}