{"id":370,"date":"2016-04-30T15:31:25","date_gmt":"2016-04-30T15:31:25","guid":{"rendered":"http:\/\/mv-wuerflach.at\/?p=370"},"modified":"2016-04-30T15:31:25","modified_gmt":"2016-04-30T15:31:25","slug":"jungmusikerleistungsabzeichen","status":"publish","type":"post","link":"https:\/\/mv-wuerflach.at\/?p=370","title":{"rendered":"Jungmusikerleistungsabzeichen"},"content":{"rendered":"<p>Am Samstag, den 9.April 2016 sind wieder drei junge Musikerinnen unseres Vereines zur Ablegung eines Leistungsabzeichens angetreten.<\/p>\n<p>Sabrina Wetzstein, unsere J\u00fcngste, hat auf der Querfl\u00f6te das Leistungsabzeichen in Bronze mit &#8222;Sehr gutem Erfolg&#8220; erreicht. Somit kann sie jetzt auch schon aktiv an den Ausr\u00fcckungen des Vereines teilnehmen und wir hei\u00dfen sie in unserer Gemeinschaft recht herzlich willkommen! Beim n\u00e4chsten Schwierigkeitsgrad, dem Jungmusikerleistungsabzeichen in Silber ist Carina Scherz auf der Klarinette angetreten. Auch sie hat eine hervorragende Leistung gebracht und die Pr\u00fcfung ebenfalls mit &#8222;Sehr gutem Erfolg&#8220; bestanden.<\/p>\n<p>Besonderes Talent zeigte auch wieder Tina Woltron. Nachdem sie auf der Klarinette schon die Abzeichen in Bronze und Silber hat, ist sie nun mit dem Saxophon angetreten. Auch auf diesem Instrument konnte sie die strangen Pr\u00fcfer \u00fcberzeugen und erreichte das Abzeichen in Bronze mit &#8222;Ausgezeichnetem Erfolg&#8220;.<\/p>\n<p><strong>Wir gratulieren recht herzlich zu diesen Erfolgen und gro\u00dfartigen Leistungen!<\/strong><\/p>\n<figure id=\"attachment_371\" aria-describedby=\"caption-attachment-371\" style=\"width: 186px\" class=\"wp-caption alignnone\"><a href=\"http:\/\/mv-wuerflach.at\/wp-content\/uploads\/2016\/04\/sabrina.jpg\"><img loading=\"lazy\" decoding=\"async\" class=\"wp-image-371 size-medium\" src=\"http:\/\/mv-wuerflach.at\/wp-content\/uploads\/2016\/04\/sabrina-186x300.jpg\" alt=\"sabrina\" width=\"186\" height=\"300\" srcset=\"https:\/\/mv-wuerflach.at\/wp-content\/uploads\/2016\/04\/sabrina-186x300.jpg 186w, https:\/\/mv-wuerflach.at\/wp-content\/uploads\/2016\/04\/sabrina-635x1024.jpg 635w, https:\/\/mv-wuerflach.at\/wp-content\/uploads\/2016\/04\/sabrina.jpg 893w\" sizes=\"auto, (max-width: 186px) 100vw, 186px\" \/><\/a><figcaption id=\"caption-attachment-371\" class=\"wp-caption-text\">Sabrina Wetzstein<\/figcaption><\/figure>\n<figure id=\"attachment_372\" aria-describedby=\"caption-attachment-372\" style=\"width: 199px\" class=\"wp-caption alignnone\"><a href=\"http:\/\/mv-wuerflach.at\/wp-content\/uploads\/2016\/04\/carina.jpg\"><img loading=\"lazy\" decoding=\"async\" class=\"wp-image-372 size-medium\" src=\"http:\/\/mv-wuerflach.at\/wp-content\/uploads\/2016\/04\/carina-199x300.jpg\" alt=\"carina\" width=\"199\" height=\"300\" srcset=\"https:\/\/mv-wuerflach.at\/wp-content\/uploads\/2016\/04\/carina-199x300.jpg 199w, https:\/\/mv-wuerflach.at\/wp-content\/uploads\/2016\/04\/carina-679x1024.jpg 679w, https:\/\/mv-wuerflach.at\/wp-content\/uploads\/2016\/04\/carina.jpg 748w\" sizes=\"auto, (max-width: 199px) 100vw, 199px\" \/><\/a><figcaption id=\"caption-attachment-372\" class=\"wp-caption-text\">Carina Scherz<\/figcaption><\/figure>\n<figure id=\"attachment_373\" aria-describedby=\"caption-attachment-373\" style=\"width: 185px\" class=\"wp-caption alignnone\"><a href=\"http:\/\/mv-wuerflach.at\/wp-content\/uploads\/2016\/04\/tina.jpg\"><img loading=\"lazy\" decoding=\"async\" class=\"wp-image-373 size-medium\" src=\"http:\/\/mv-wuerflach.at\/wp-content\/uploads\/2016\/04\/tina-185x300.jpg\" alt=\"tina\" width=\"185\" height=\"300\" srcset=\"https:\/\/mv-wuerflach.at\/wp-content\/uploads\/2016\/04\/tina-185x300.jpg 185w, https:\/\/mv-wuerflach.at\/wp-content\/uploads\/2016\/04\/tina.jpg 633w\" sizes=\"auto, (max-width: 185px) 100vw, 185px\" \/><\/a><figcaption id=\"caption-attachment-373\" class=\"wp-caption-text\">Tina Woltron<\/figcaption><\/figure>\n","protected":false},"excerpt":{"rendered":"<p>Am Samstag, den 9.April 2016 sind wieder drei junge Musikerinnen unseres Vereines zur Ablegung eines Leistungsabzeichens angetreten. Sabrina Wetzstein, unsere J\u00fcngste, hat auf der Querfl\u00f6te das Leistungsabzeichen in Bronze mit &#8222;Sehr gutem Erfolg&#8220; erreicht. Somit kann sie jetzt auch schon aktiv an den Ausr\u00fcckungen des Vereines teilnehmen und wir hei\u00dfen sie in unserer Gemeinschaft recht &hellip; <\/p>\n<p class=\"link-more\"><a href=\"https:\/\/mv-wuerflach.at\/?p=370\" class=\"more-link\"><span class=\"screen-reader-text\">\u201eJungmusikerleistungsabzeichen\u201c <\/span>weiterlesen<\/a><\/p>\n","protected":false},"author":2,"featured_media":0,"comment_status":"open","ping_status":"closed","sticky":false,"template":"","format":"standard","meta":{"footnotes":""},"categories":[8,9,7],"tags":[],"class_list":["post-370","post","type-post","status-publish","format-standard","hentry","category-aktivitaeten","category-bewertungen","category-jugend"],"_links":{"self":[{"href":"https:\/\/mv-wuerflach.at\/index.php?rest_route=\/wp\/v2\/posts\/370","targetHints":{"allow":["GET"]}}],"collection":[{"href":"https:\/\/mv-wuerflach.at\/index.php?rest_route=\/wp\/v2\/posts"}],"about":[{"href":"https:\/\/mv-wuerflach.at\/index.php?rest_route=\/wp\/v2\/types\/post"}],"author":[{"embeddable":true,"href":"https:\/\/mv-wuerflach.at\/index.php?rest_route=\/wp\/v2\/users\/2"}],"replies":[{"embeddable":true,"href":"https:\/\/mv-wuerflach.at\/index.php?rest_route=%2Fwp%2Fv2%2Fcomments&post=370"}],"version-history":[{"count":1,"href":"https:\/\/mv-wuerflach.at\/index.php?rest_route=\/wp\/v2\/posts\/370\/revisions"}],"predecessor-version":[{"id":374,"href":"https:\/\/mv-wuerflach.at\/index.php?rest_route=\/wp\/v2\/posts\/370\/revisions\/374"}],"wp:attachment":[{"href":"https:\/\/mv-wuerflach.at\/index.php?rest_route=%2Fwp%2Fv2%2Fmedia&parent=370"}],"wp:term":[{"taxonomy":"category","embeddable":true,"href":"https:\/\/mv-wuerflach.at\/index.php?rest_route=%2Fwp%2Fv2%2Fcategories&post=370"},{"taxonomy":"post_tag","embeddable":true,"href":"https:\/\/mv-wuerflach.at\/index.php?rest_route=%2Fwp%2Fv2%2Ftags&post=370"}],"curies":[{"name":"wp","href":"https:\/\/api.w.org\/{rel}","templated":true}]}}