{"id":65,"date":"2015-06-01T20:38:38","date_gmt":"2015-06-01T20:38:38","guid":{"rendered":"http:\/\/mv-wuerflach.at\/?p=65"},"modified":"2015-06-01T21:09:45","modified_gmt":"2015-06-01T21:09:45","slug":"jahresbericht-2011","status":"publish","type":"post","link":"https:\/\/mv-wuerflach.at\/?p=65","title":{"rendered":"Jahresbericht 2011"},"content":{"rendered":"<h2>Generalversammlung am 11.1.2011<\/h2>\n<p>R\u00fcckblick auf das Jahr 2010. Ebenso stand wiederum die Erneuerung der Instrumente im Mittelpunkt. Es wurden neue Klarinetten und Querfl\u00f6ten, sowie eine Tuba angekauft. Das neue Roll-Up , Visitenkarten, Logo wurde erstellt. Dank an Sigrid P\u00fcrzl. Es wurden folgende MusikerInnen in den Verein aufgenommen:<\/p>\n<p>Anja SEINER &#8211; Trompete, Lara SAMWALD &#8211; Querfl\u00f6te, Dagmar SCHWARZ &#8211; Klarinette.<\/p>\n<h2>\u00a0\u00a0Probewochenende in Ratten (Stmk.)<\/h2>\n<p>Proben, proben, proben,&#8230;&#8230;. Von Samstag, den 2.4.2011 bis Sonntag, den 3.4.2011 begaben wir uns ins steirische Ratten zun Probewochenende. An beiden Tagen wurden Register- und Gesamtproben abgehalten. Zwischen den Proben erleichterten einige Pausen das Musikerleben. Am Samstag besuchten ein Gro\u00dfteil der Musiker das Fr\u00fchlingskonzert des MV Ratten unter Kpm. Michael Heger (Klarinettenlehrer in der Musikschule Schneebergklang). Am Sonntag ging es nach der letzten Gesamtprobe und dem Mittagessen im Gasthof Albert (unser Quartier f\u00fcr diese zwei Tage) gegen 15.00 Uhr wieder nach Hause zur\u00fcck.<\/p>\n<h2>Der MAIBAUM steht<\/h2>\n<p>Der FC St. Egyden hat am 1.5.2011 den Maibaum erfolgreich aufgestellt. Unter der F\u00fchrung vom &#8222;Brandi&#8220; gaben die Jungen des FC alles, um den Baum in die Senkrechte zu bringen. Die zahlreich erschienenen G\u00e4ste \u00fcnterst\u00fctzten mit Applaus die Bem\u00fchungen. Unser Musikverein unterhielt die anwesenden G\u00e4ste mit traditioneller Blasmusik ung auch mit modernen Schlagerliedern. Bis in den fr\u00fchen Nachmittag dauerte der Fr\u00fchschoppen. Der FC St. Egyden verk\u00f6stigte die G\u00e4ste mit Speis und Trank.<\/p>\n<p>F\u00fcr den Musikverein war es der dritte Auftritt innerhalb von 3 Tagen.<\/p>\n<h2>\u00a0Ausverkauftes Konzert in St. Egyden<\/h2>\n<p>Am Samstag, den 9.4.2011, fand unser Konzert &#8222;Nacht der Musik &#8211; Filmmusik&#8220; im Festsaal der Gemeinde St. Egyden statt. Das Kulturreferat erm\u00f6glichte uns diese Auff\u00fchrung. Im ausverkauften Saal lauschten viele G\u00e4ste, unter ihnen LAbg. Hermann Hauer, Bgm Hans Wallner, Bgm. Hans Schauer, Dir. Johann Woltran (Raiba) und viele Musikkollegen anderer Vereine, den Kl\u00e4ngen unseres Orchesters. Kapellmeister Johannes Kornfeld hatte ein gemischtes Programm zusammengestellt. Unter Mitwirkung einiger Freunde des Vereines (Florian Schaffellner-Bassgitarre, Wolfgang Scherz-Gitarre, Katharina Rosenberger-Keyboard, Niklas Seyser-James Bond 007) wurden auch einige Lieder gesungen (Christine Hainfellner, Harald Hainfellner, Michaela Speringer, Michaela Lahomsek, Petra Schlager, G\u00fcnther W\u00f6hrer). Zu &#8222;Dirty Dancing&#8220; wurde auch getanzt (Kati Zelter, Gabriel Platzer). Zu den Kl\u00e4ngen von Winnetou und Old Shatterhand zogen diese in den Saal ein, um die G\u00e4ste zu begr\u00fc\u00dfen (Marco Valenta, Helmuth Urban). F\u00fcr den guten Ton und das Licht zeichnete unser Toningenieur Fredy Nagy verantwortlich und f\u00fcr die verbindenden Worte Rudi Gruber.<br \/>\nEin herzliches Danke sch\u00f6n an Renate Fritz und Heinz Wei\u00dfenb\u00f6ck f\u00fcr deren Unterst\u00fctzung.<br \/>\nEin Danke sch\u00f6n auch an unsere scheidende Marketenderin Stefanie Ofenb\u00f6ck, die nach 12 Jahren ihre aktive Laufbahn beendet. DANKESCH\u00d6N von deinen KollegInnen.<\/p>\n<h2>\u00a0Bundeskanzler Werner Faymann in W\u00fcrflach<\/h2>\n<p>Am Samstag, den 30.4.2011, umrahmte der Musikverein Hettmannsdorf-W\u00fcrflach die SP\u00d6-Bezirksfeier-lichkeiten im Terrassenbad W\u00fcrflach. Als Ehrengast kam Bundeskanzler Werner Faymann. Von 16.00 bis 17.00 spielte der Musikverein einen Nachmittagsfr\u00fchschoppen. Die G\u00e4ste wurden sowohl mit traditioneller Blasmusik als auch mit modernen Schlagermelodien unterhalten. Als Gastmoderator fungierte Udo Huber. Er moderierte schon im Jahre 1987 beim Gr\u00fcndungsfest des Musikvereines in W\u00fcrflach und wir plauderten zwischendurch gem\u00fctlich \u00fcber vergangene Zeiten. Unsere Marketenderinnen begr\u00fc\u00dften den Bundeskanzler in gewohnter Weise mit einem Schnapserl.<\/p>\n<h2>\u00a0Unsere Klammfl\u00f6ten<\/h2>\n<p>Am Samstag, den 14.5.2011, war es wieder soweit. Der Kammermusikwettbewerb stand in Warth am Programm. Unsere Klammfl\u00f6ten nahmen unter der Leitung ihrer Fl\u00f6tenlehrerin Gabriele Bernhart daran teil und erspielten einen &#8222;SEHR GUTEN ERFOLG&#8220;. Theresa Kindlmayr, Daniela Fallenb\u00fcchl, Ines Gruber, Lara Samwald, Gabriele Bernhart.<\/p>\n<h2>Tag der Blasmusik 2011<\/h2>\n<p>Am 21.5.2011 spielten wir den Tag der Blasmusik im Ortsteil W\u00fcrflach. Regen verz\u00f6gerte unseren Beginn um eine Stunde. Dann ging es aber los. Bis zum Abend hin marschierten wir mit Musik durch die Stra\u00dfen. Nach getaner Arbeit waren wir bei unserem Musikkollegen Gottfried Sch\u00fctzenhofer und seiner Beate zu einem Abschlussessen eingeladen. Daf\u00fcr ein herzliches Dankesch\u00f6n.<\/p>\n<p>Ein Dankesch\u00f6n auch an die Bev\u00f6lkerung f\u00fcr die zahlreichen Spenden und f\u00fcr die Verpflegung.<\/p>\n<p>Die Taferltr\u00e4gerinnen bei ihrer ersten Ausr\u00fcckung &#8211; Tina Woltron, Eva-Maria Schneider, Carina Scherz und Kerstin Scherz (bereits seit 2010 beim Verein).<\/p>\n<p>Danke an alle Musiker und Musikerinnen f\u00fcr die Ausr\u00fcckung bei Regen und Sonnenschein.<\/p>\n<h2>\u00a0Fr\u00fchschoppen in Neunkirchen<\/h2>\n<p>Am Samstag, den 25.6.2011, war es wieder soweit. Der Musikverein spielte in der Bezirkshauptstadt Neunkirchen am Hauptplatz zum Fr\u00fchschoppen auf. Zahlreiche Zuh\u00f6rer blieben w\u00e4hrend ihres Einkaufes stehen und lauschten den Kl\u00e4ngen unserer musikalischen Darbietungen. M\u00e4rsche, Walzer, Polkas und auch moderne St\u00fccke wurden teilweise mit Gesang vorgetragen und mit viel Applaus der Zuh\u00f6rer bedankt.Der Musikverein bedankt sich bei den Verantwortlichen der Stadt f\u00fcr die M\u00f6glichkeit des Auftrittes. Wir kommen gerne wieder.<\/p>\n<h2>\u00a0Hoffestl im Gasthaus Gaube<\/h2>\n<p>Am Samstag, den 25.6.2011, spielte die W\u00fcrflacher Kirtagsmusi zum Hoffestl beim Gaube auf. Auf Grund der Witterung musste diese Veranstaltung in den Saal verlegt werden. Bei Grillspezialit\u00e4ten und Musik von Polka, M\u00e4rschen, teilweise mit Gesang konntne sich die zahlreich erschienen G\u00e4ste unterhalten.<br \/>\nZu sp\u00e4ter Stunde ging dieser Abend zu Ende.<\/p>\n<h2>\u00a0Wunschkonzert in der Johannesbachklamm<\/h2>\n<p>Am Sonntag, den 26.5.2011, gab es nach langer Zeit wiederum ein Konzert in der Johannesbachklamm. Beim Gasthaus &#8222;Zur guten Kuchl&#8220; von Claudia Seemann spielte der Musikverein fast 2 1\/2 Stunden musikalisch auf. Diesmal gab nicht der Musikverein die St\u00fccke vor, sondern das Publikum selbst bestimmte mit ihren musikalischen W\u00fcnschen das Programm. So wechselten sich M\u00e4rsche, Polkas und moderne St\u00fccke, teilweise mit Gesang, ab. Nach fast 2 1\/2 Stunden beendete das Wetter durch Regen das Wunschkonzert.<\/p>\n<h2>Annakirtag im Pfarrstadl<\/h2>\n<p>Sonntag, den 24.7.2011 fand wiederum der traditionelle Annakirtag im W\u00fcrflacher Pfarrstadl statt. Nachdem unsere Marketenderinnen die Kirche feierlich geschm\u00fcckt hatten, das Vokalensemble &#8222;TONART&#8220; die Messe musikalisch gestaltet hatte,\u00a0unterhielt die Kirtagsmusi des Musikvereines die G\u00e4ste beim anschli\u00dfenden Fr\u00fchschoppen im Pfarrstadl. Obwohl das Wetter alles andere als einladend war, Regen und Wind dominierte, waren viele Besucher gekommen. Auch LAbg. Hermann Hauer war unter den G\u00e4sten.Bei der Tombola waren zahlreiche Geschenksk\u00f6rbe zu gewinnen. Bis in den fr\u00fchen Nachmittag unterhielten sich die G\u00e4ste bei den Kl\u00e4ngen der Kirtagsmusi.<\/p>\n<h2>\u00a0Obmann feierte &#8222;50&#8220; &#8211; HAPPY BIRTHDAY BERNHARD<\/h2>\n<p>Unser Obmann Bernhard Hainfellner feierte am 5.8.2011 seinen &#8222;50er&#8220;. Seine Freunde, die &#8222;Nonsens&#8220; weckten ihn gegen 06.00 Uhr morgens zum gemeinsamen Fr\u00fchst\u00fcck; um 08.00 Uhr gratulierte eine Abordnung von ca. 25 Musikern mit Musik. Voller Freude wurde gemeinsam das mitgebrachte Fr\u00fchst\u00fcck verzehrt.Am Abend ging die Feier in der Johannesbachklamm weiter. Das &#8222;1er-Quartett&#8220; des Musikvereines gab einige Musikst\u00fccke zum Besten. Auch die &#8222;W\u00fcrflacher Klammbuam&#8220; gratulierten herzlich.<br \/>\nWIR GRATULIEREN NOCHMALS GANZ HERZLICH ZUM RUNDEN GEBURTSTAG.<\/p>\n","protected":false},"excerpt":{"rendered":"<p>Generalversammlung am 11.1.2011 R\u00fcckblick auf das Jahr 2010. Ebenso stand wiederum die Erneuerung der Instrumente im Mittelpunkt. Es wurden neue Klarinetten und Querfl\u00f6ten, sowie eine Tuba angekauft. Das neue Roll-Up , Visitenkarten, Logo wurde erstellt. Dank an Sigrid P\u00fcrzl. Es wurden folgende MusikerInnen in den Verein aufgenommen: Anja SEINER &#8211; Trompete, Lara SAMWALD &#8211; Querfl\u00f6te, &hellip; <\/p>\n<p class=\"link-more\"><a href=\"https:\/\/mv-wuerflach.at\/?p=65\" class=\"more-link\"><span class=\"screen-reader-text\">\u201eJahresbericht 2011\u201c <\/span>weiterlesen<\/a><\/p>\n","protected":false},"author":1,"featured_media":0,"comment_status":"open","ping_status":"open","sticky":false,"template":"","format":"standard","meta":{"footnotes":""},"categories":[4],"tags":[],"class_list":["post-65","post","type-post","status-publish","format-standard","hentry","category-jahresberichte"],"_links":{"self":[{"href":"https:\/\/mv-wuerflach.at\/index.php?rest_route=\/wp\/v2\/posts\/65","targetHints":{"allow":["GET"]}}],"collection":[{"href":"https:\/\/mv-wuerflach.at\/index.php?rest_route=\/wp\/v2\/posts"}],"about":[{"href":"https:\/\/mv-wuerflach.at\/index.php?rest_route=\/wp\/v2\/types\/post"}],"author":[{"embeddable":true,"href":"https:\/\/mv-wuerflach.at\/index.php?rest_route=\/wp\/v2\/users\/1"}],"replies":[{"embeddable":true,"href":"https:\/\/mv-wuerflach.at\/index.php?rest_route=%2Fwp%2Fv2%2Fcomments&post=65"}],"version-history":[{"count":3,"href":"https:\/\/mv-wuerflach.at\/index.php?rest_route=\/wp\/v2\/posts\/65\/revisions"}],"predecessor-version":[{"id":116,"href":"https:\/\/mv-wuerflach.at\/index.php?rest_route=\/wp\/v2\/posts\/65\/revisions\/116"}],"wp:attachment":[{"href":"https:\/\/mv-wuerflach.at\/index.php?rest_route=%2Fwp%2Fv2%2Fmedia&parent=65"}],"wp:term":[{"taxonomy":"category","embeddable":true,"href":"https:\/\/mv-wuerflach.at\/index.php?rest_route=%2Fwp%2Fv2%2Fcategories&post=65"},{"taxonomy":"post_tag","embeddable":true,"href":"https:\/\/mv-wuerflach.at\/index.php?rest_route=%2Fwp%2Fv2%2Ftags&post=65"}],"curies":[{"name":"wp","href":"https:\/\/api.w.org\/{rel}","templated":true}]}}