{"id":766,"date":"2017-03-02T12:17:52","date_gmt":"2017-03-02T12:17:52","guid":{"rendered":"http:\/\/mv-wuerflach.at\/?p=766"},"modified":"2017-03-02T12:18:12","modified_gmt":"2017-03-02T12:18:12","slug":"vorbereitungen-jubilaeumsfest","status":"publish","type":"post","link":"https:\/\/mv-wuerflach.at\/?p=766","title":{"rendered":"Vorbereitungen MU(A)SI 2017!"},"content":{"rendered":"<p>Die Vorbereitungen f\u00fcr unser Jubil\u00e4umsfest MU(A)SI&#8230;feier + sp\u00fcn + fr\u00fchschoppen vom 02-04.06.2017 laufen bereits auf Hochtouren!<\/p>\n<p>Zum Auftakt gibt es am 02.06.2017 DIE Wiesenparty des Jahres mit den Saubartln in W\u00fcrflach! Einlass ist ab 20 Uhr. Info\u00b4s \u00fcber Vorverkaufskarten und besondere Packages gibt es in K\u00fcrze!<\/p>\n<p>Am Samstag findet der Empfang der Gastkapellen mit anschlie\u00dfenden G\u00e4stekonzerten statt. Ab 21 Uhr die burgenl\u00e4ndische Gruppe B\u00e4renstark auf \u00fcber 20 Instrumenten ihr K\u00f6nnen.<\/p>\n<p>Der Sonntag startet mit einer Festmesse. Anschlie\u00dfend findet ein Fr\u00fchschoppen statt, der live auf Radio-Nieder\u00f6sterreich \u00fcbertragen wird. Am Nachmittag gibt es dann wieder einen Empfang der Gastkapellen. Mit einer gro\u00dfen Verlosung und G\u00e4stekonzerten lassen wir unseren letzten Festtag ausklingen.<\/p>\n<p><a href=\"http:\/\/mv-wuerflach.at\/wp-content\/uploads\/2017\/03\/16939022_1021398161325355_3671875301048181953_n.jpg\"><img loading=\"lazy\" decoding=\"async\" class=\"alignnone wp-image-767\" src=\"http:\/\/mv-wuerflach.at\/wp-content\/uploads\/2017\/03\/16939022_1021398161325355_3671875301048181953_n-300x169.jpg\" alt=\"\" width=\"570\" height=\"321\" srcset=\"https:\/\/mv-wuerflach.at\/wp-content\/uploads\/2017\/03\/16939022_1021398161325355_3671875301048181953_n-300x169.jpg 300w, https:\/\/mv-wuerflach.at\/wp-content\/uploads\/2017\/03\/16939022_1021398161325355_3671875301048181953_n-768x432.jpg 768w, https:\/\/mv-wuerflach.at\/wp-content\/uploads\/2017\/03\/16939022_1021398161325355_3671875301048181953_n.jpg 960w\" sizes=\"auto, (max-width: 570px) 100vw, 570px\" \/><\/a><\/p>\n","protected":false},"excerpt":{"rendered":"<p>Die Vorbereitungen f\u00fcr unser Jubil\u00e4umsfest MU(A)SI&#8230;feier + sp\u00fcn + fr\u00fchschoppen vom 02-04.06.2017 laufen bereits auf Hochtouren! Zum Auftakt gibt es am 02.06.2017 DIE Wiesenparty des Jahres mit den Saubartln in W\u00fcrflach! Einlass ist ab 20 Uhr. Info\u00b4s \u00fcber Vorverkaufskarten und besondere Packages gibt es in K\u00fcrze! Am Samstag findet der Empfang der Gastkapellen mit anschlie\u00dfenden &hellip; <\/p>\n<p class=\"link-more\"><a href=\"https:\/\/mv-wuerflach.at\/?p=766\" class=\"more-link\"><span class=\"screen-reader-text\">\u201eVorbereitungen MU(A)SI 2017!\u201c <\/span>weiterlesen<\/a><\/p>\n","protected":false},"author":2,"featured_media":0,"comment_status":"closed","ping_status":"closed","sticky":false,"template":"","format":"standard","meta":{"footnotes":""},"categories":[1,5],"tags":[],"class_list":["post-766","post","type-post","status-publish","format-standard","hentry","category-allgemein","category-termine"],"_links":{"self":[{"href":"https:\/\/mv-wuerflach.at\/index.php?rest_route=\/wp\/v2\/posts\/766","targetHints":{"allow":["GET"]}}],"collection":[{"href":"https:\/\/mv-wuerflach.at\/index.php?rest_route=\/wp\/v2\/posts"}],"about":[{"href":"https:\/\/mv-wuerflach.at\/index.php?rest_route=\/wp\/v2\/types\/post"}],"author":[{"embeddable":true,"href":"https:\/\/mv-wuerflach.at\/index.php?rest_route=\/wp\/v2\/users\/2"}],"replies":[{"embeddable":true,"href":"https:\/\/mv-wuerflach.at\/index.php?rest_route=%2Fwp%2Fv2%2Fcomments&post=766"}],"version-history":[{"count":4,"href":"https:\/\/mv-wuerflach.at\/index.php?rest_route=\/wp\/v2\/posts\/766\/revisions"}],"predecessor-version":[{"id":771,"href":"https:\/\/mv-wuerflach.at\/index.php?rest_route=\/wp\/v2\/posts\/766\/revisions\/771"}],"wp:attachment":[{"href":"https:\/\/mv-wuerflach.at\/index.php?rest_route=%2Fwp%2Fv2%2Fmedia&parent=766"}],"wp:term":[{"taxonomy":"category","embeddable":true,"href":"https:\/\/mv-wuerflach.at\/index.php?rest_route=%2Fwp%2Fv2%2Fcategories&post=766"},{"taxonomy":"post_tag","embeddable":true,"href":"https:\/\/mv-wuerflach.at\/index.php?rest_route=%2Fwp%2Fv2%2Ftags&post=766"}],"curies":[{"name":"wp","href":"https:\/\/api.w.org\/{rel}","templated":true}]}}